{"id":3758,"date":"2024-03-18T15:23:14","date_gmt":"2024-03-18T18:23:14","guid":{"rendered":"http:\/\/gentedearte.org.ar\/2020\/?p=3758"},"modified":"2024-03-18T15:53:08","modified_gmt":"2024-03-18T18:53:08","slug":"arte-y-bienestar","status":"publish","type":"post","link":"http:\/\/gentedearte.org.ar\/2020\/arte-y-bienestar\/","title":{"rendered":"Arte y Bienestar"},"content":{"rendered":"\n<p><strong>Taller Recreativo y Pl\u00e1stica para Disfrutar<\/strong><br><br>\u2022 Se trata de un espacio en donde se emplean las Artes Pl\u00e1sticas de modo recreativo (sin compromisos acad\u00e9micos) y como herramienta de bienestar y mejora personal.<\/p>\n\n\n\n<figure class=\"wp-block-image size-full\"><img fetchpriority=\"high\" decoding=\"async\" width=\"787\" height=\"787\" src=\"http:\/\/gentedearte.org.ar\/2020\/wp-content\/uploads\/arte-y-bienestar.jpg\" alt=\"\" class=\"wp-image-3759\" srcset=\"http:\/\/gentedearte.org.ar\/2020\/wp-content\/uploads\/\/arte-y-bienestar.jpg 787w, http:\/\/gentedearte.org.ar\/2020\/wp-content\/uploads\/\/arte-y-bienestar-300x300.jpg 300w, http:\/\/gentedearte.org.ar\/2020\/wp-content\/uploads\/\/arte-y-bienestar-150x150.jpg 150w, http:\/\/gentedearte.org.ar\/2020\/wp-content\/uploads\/\/arte-y-bienestar-768x768.jpg 768w, http:\/\/gentedearte.org.ar\/2020\/wp-content\/uploads\/\/arte-y-bienestar-600x600.jpg 600w, http:\/\/gentedearte.org.ar\/2020\/wp-content\/uploads\/\/arte-y-bienestar-100x100.jpg 100w\" sizes=\"(max-width: 787px) 100vw, 787px\" \/><figcaption><strong>Descripci\u00f3n:<\/strong><br><br>\u2022 Es un espacio en donde los integrantes reciben propuestas motivadoras para poder llevar a cabo creaciones art\u00edsticas simples.<br>\u2022 La prioridad no estar\u00e1 centrada en la producci\u00f3n en s\u00ed misma, sino en la experiencia de haberla hecho y lo satifactorio que pudo haber resultado.<br>\u2022 Se pondr\u00e1 atenci\u00f3n a tiempos personales e inquietudes espec\u00edficas de cada alumno.<br>\u2022 El encuentro con el grupo ser\u00e1 tambi\u00e9n un recurso para resolver situaciones.<br>\u2022 Se busca generar un lugar de contenci\u00f3n y motivaci\u00f3n.<br><br><strong>Dirigido a personas:<\/strong><br>\u2022 J\u00f3venes, adultos y adultos mayores<br>\u2022 Tengan o no conocimientos previos.<br>\u2022 Que busquen un espacio de conexi\u00f3n art\u00edstica.<br>Carga horaria:<br>\u2022 Una hora semanal<br>\u2022 Viernes de 19 a 20 hs<br><br><strong>Objetivo:<\/strong><br>\u2022 Favorecer los recursos expresivos.<br>\u2022 Interacci\u00f3n grupal con el arte como v\u00ednculo.<br>\u2022 Favorecer la creatividad mediante su ejercicio.<br>\u2022 Motivar el encuentro con el grupo.<br>\u2022 Bindar un espacio de bienestar en la agenda de cada persona.<br><br><strong>Contenido:<\/strong><br>\u2022 Desarrollo de propuestas con consignas disparadoras.<br>\u2022 Actividades l\u00fadicas empleando la pl\u00e1stica como lenguaje.<br>\u2022 Empleo de t\u00e9cnicas mixtas o no convencionales.<br>\u2022 Resignificaci\u00f3n de materiales.<br>\u2022 Resoluci\u00f3n individual o colectiva de desaf\u00edos did\u00e1cticos.<br><br><strong>Materiales:<\/strong><br>Los participantes deben traer:<br>\u2022 Papel, cartulina o cart\u00f3n, para usar como soportes.<br>\u2022 Pintura acr\u00edlica, t\u00e9mperas, acuarela, tizas, crayones, l\u00e1pices de color y\/o marcadores.<br>\u2022 Elementos para reciclar.<br><br><strong>Duraci\u00f3n:<\/strong><br>\u2022 Desde Abril hasta Noviembre<br>Prof. @ariel_rabi<br>Wpp. 11.4411.1016<\/figcaption><\/figure>\n","protected":false},"excerpt":{"rendered":"<p>Taller Recreativo y Pl\u00e1stica para Disfrutar \u2022 Se trata de un espacio en donde se emplean las Artes Pl\u00e1sticas de modo recreativo (sin compromisos acad\u00e9micos) y como herramienta de bienestar y mejora personal.<\/p>\n","protected":false},"author":4322,"featured_media":3762,"comment_status":"closed","ping_status":"closed","sticky":false,"template":"","format":"standard","meta":{"_uag_custom_page_level_css":"","site-sidebar-layout":"default","site-content-layout":"default","ast-site-content-layout":"","site-content-style":"default","site-sidebar-style":"default","ast-global-header-display":"","ast-banner-title-visibility":"","ast-main-header-display":"","ast-hfb-above-header-display":"","ast-hfb-below-header-display":"","ast-hfb-mobile-header-display":"","site-post-title":"","ast-breadcrumbs-content":"","ast-featured-img":"","footer-sml-layout":"","theme-transparent-header-meta":"default","adv-header-id-meta":"","stick-header-meta":"","header-above-stick-meta":"","header-main-stick-meta":"","header-below-stick-meta":"","astra-migrate-meta-layouts":"default","ast-page-background-enabled":"default","ast-page-background-meta":{"desktop":{"background-color":"var(--ast-global-color-4)","background-image":"","background-repeat":"repeat","background-position":"center center","background-size":"auto","background-attachment":"scroll","background-type":"","background-media":"","overlay-type":"","overlay-color":"","overlay-opacity":"","overlay-gradient":""},"tablet":{"background-color":"","background-image":"","background-repeat":"repeat","background-position":"center center","background-size":"auto","background-attachment":"scroll","background-type":"","background-media":"","overlay-type":"","overlay-color":"","overlay-opacity":"","overlay-gradient":""},"mobile":{"background-color":"","background-image":"","background-repeat":"repeat","background-position":"center center","background-size":"auto","background-attachment":"scroll","background-type":"","background-media":"","overlay-type":"","overlay-color":"","overlay-opacity":"","overlay-gradient":""}},"ast-content-background-meta":{"desktop":{"background-color":"var(--ast-global-color-5)","background-image":"","background-repeat":"repeat","background-position":"center center","background-size":"auto","background-attachment":"scroll","background-type":"","background-media":"","overlay-type":"","overlay-color":"","overlay-opacity":"","overlay-gradient":""},"tablet":{"background-color":"var(--ast-global-color-5)","background-image":"","background-repeat":"repeat","background-position":"center center","background-size":"auto","background-attachment":"scroll","background-type":"","background-media":"","overlay-type":"","overlay-color":"","overlay-opacity":"","overlay-gradient":""},"mobile":{"background-color":"var(--ast-global-color-5)","background-image":"","background-repeat":"repeat","background-position":"center center","background-size":"auto","background-attachment":"scroll","background-type":"","background-media":"","overlay-type":"","overlay-color":"","overlay-opacity":"","overlay-gradient":""}},"footnotes":""},"categories":[6,96,144,9],"tags":[],"class_list":["post-3758","post","type-post","status-publish","format-standard","has-post-thumbnail","hentry","category-actividades","category-blog","category-cursos","category-talleres"],"yoast_head":"<!-- This site is optimized with the Yoast SEO plugin v27.4 - https:\/\/yoast.com\/product\/yoast-seo-wordpress\/ -->\n<title>Arte y Bienestar - Gente de Arte<\/title>\n<meta name=\"robots\" content=\"index, follow, max-snippet:-1, max-image-preview:large, max-video-preview:-1\" \/>\n<link rel=\"canonical\" href=\"http:\/\/gentedearte.org.ar\/2020\/arte-y-bienestar\/\" \/>\n<meta property=\"og:locale\" content=\"es_ES\" \/>\n<meta property=\"og:type\" content=\"article\" \/>\n<meta property=\"og:title\" content=\"Arte y Bienestar - Gente de Arte\" \/>\n<meta property=\"og:description\" content=\"Taller Recreativo y Pl\u00e1stica para Disfrutar \u2022 Se trata de un espacio en donde se emplean las Artes Pl\u00e1sticas de modo recreativo (sin compromisos acad\u00e9micos) y como herramienta de bienestar y mejora personal.\" \/>\n<meta property=\"og:url\" content=\"http:\/\/gentedearte.org.ar\/2020\/arte-y-bienestar\/\" \/>\n<meta property=\"og:site_name\" content=\"Gente de Arte\" \/>\n<meta property=\"article:publisher\" content=\"https:\/\/www.facebook.com\/gentedearte\" \/>\n<meta property=\"article:published_time\" content=\"2024-03-18T18:23:14+00:00\" \/>\n<meta property=\"article:modified_time\" content=\"2024-03-18T18:53:08+00:00\" \/>\n<meta property=\"og:image\" content=\"http:\/\/gentedearte.org.ar\/2020\/wp-content\/uploads\/arte-y-bienestar-foto.jpg\" \/>\n\t<meta property=\"og:image:width\" content=\"787\" \/>\n\t<meta property=\"og:image:height\" content=\"480\" \/>\n\t<meta property=\"og:image:type\" content=\"image\/jpeg\" \/>\n<meta name=\"author\" content=\"Ariel Rabi\" \/>\n<meta name=\"twitter:card\" content=\"summary_large_image\" \/>\n<script type=\"application\/ld+json\" class=\"yoast-schema-graph\">{\"@context\":\"https:\\\/\\\/schema.org\",\"@graph\":[{\"@type\":\"Article\",\"@id\":\"http:\\\/\\\/gentedearte.org.ar\\\/2020\\\/arte-y-bienestar\\\/#article\",\"isPartOf\":{\"@id\":\"http:\\\/\\\/gentedearte.org.ar\\\/2020\\\/arte-y-bienestar\\\/\"},\"author\":{\"name\":\"Ariel Rabi\",\"@id\":\"http:\\\/\\\/gentedearte.org.ar\\\/2020\\\/#\\\/schema\\\/person\\\/3041ee5920212f2bddffe8bc39bf794f\"},\"headline\":\"Arte y Bienestar\",\"datePublished\":\"2024-03-18T18:23:14+00:00\",\"dateModified\":\"2024-03-18T18:53:08+00:00\",\"mainEntityOfPage\":{\"@id\":\"http:\\\/\\\/gentedearte.org.ar\\\/2020\\\/arte-y-bienestar\\\/\"},\"wordCount\":270,\"publisher\":{\"@id\":\"http:\\\/\\\/gentedearte.org.ar\\\/2020\\\/#organization\"},\"image\":{\"@id\":\"http:\\\/\\\/gentedearte.org.ar\\\/2020\\\/arte-y-bienestar\\\/#primaryimage\"},\"thumbnailUrl\":\"http:\\\/\\\/gentedearte.org.ar\\\/2020\\\/wp-content\\\/uploads\\\/arte-y-bienestar-foto.jpg\",\"articleSection\":[\"Actividades\",\"Blog\",\"cursos\",\"Talleres\"],\"inLanguage\":\"es\"},{\"@type\":\"WebPage\",\"@id\":\"http:\\\/\\\/gentedearte.org.ar\\\/2020\\\/arte-y-bienestar\\\/\",\"url\":\"http:\\\/\\\/gentedearte.org.ar\\\/2020\\\/arte-y-bienestar\\\/\",\"name\":\"Arte y Bienestar - Gente de Arte\",\"isPartOf\":{\"@id\":\"http:\\\/\\\/gentedearte.org.ar\\\/2020\\\/#website\"},\"primaryImageOfPage\":{\"@id\":\"http:\\\/\\\/gentedearte.org.ar\\\/2020\\\/arte-y-bienestar\\\/#primaryimage\"},\"image\":{\"@id\":\"http:\\\/\\\/gentedearte.org.ar\\\/2020\\\/arte-y-bienestar\\\/#primaryimage\"},\"thumbnailUrl\":\"http:\\\/\\\/gentedearte.org.ar\\\/2020\\\/wp-content\\\/uploads\\\/arte-y-bienestar-foto.jpg\",\"datePublished\":\"2024-03-18T18:23:14+00:00\",\"dateModified\":\"2024-03-18T18:53:08+00:00\",\"breadcrumb\":{\"@id\":\"http:\\\/\\\/gentedearte.org.ar\\\/2020\\\/arte-y-bienestar\\\/#breadcrumb\"},\"inLanguage\":\"es\",\"potentialAction\":[{\"@type\":\"ReadAction\",\"target\":[\"http:\\\/\\\/gentedearte.org.ar\\\/2020\\\/arte-y-bienestar\\\/\"]}]},{\"@type\":\"ImageObject\",\"inLanguage\":\"es\",\"@id\":\"http:\\\/\\\/gentedearte.org.ar\\\/2020\\\/arte-y-bienestar\\\/#primaryimage\",\"url\":\"http:\\\/\\\/gentedearte.org.ar\\\/2020\\\/wp-content\\\/uploads\\\/arte-y-bienestar-foto.jpg\",\"contentUrl\":\"http:\\\/\\\/gentedearte.org.ar\\\/2020\\\/wp-content\\\/uploads\\\/arte-y-bienestar-foto.jpg\",\"width\":787,\"height\":480,\"caption\":\"Arteterapia\"},{\"@type\":\"BreadcrumbList\",\"@id\":\"http:\\\/\\\/gentedearte.org.ar\\\/2020\\\/arte-y-bienestar\\\/#breadcrumb\",\"itemListElement\":[{\"@type\":\"ListItem\",\"position\":1,\"name\":\"Portada\",\"item\":\"http:\\\/\\\/gentedearte.org.ar\\\/2020\\\/\"},{\"@type\":\"ListItem\",\"position\":2,\"name\":\"Arte y Bienestar\"}]},{\"@type\":\"WebSite\",\"@id\":\"http:\\\/\\\/gentedearte.org.ar\\\/2020\\\/#website\",\"url\":\"http:\\\/\\\/gentedearte.org.ar\\\/2020\\\/\",\"name\":\"Gente de Arte\",\"description\":\"Asociaci\u00f3n\",\"publisher\":{\"@id\":\"http:\\\/\\\/gentedearte.org.ar\\\/2020\\\/#organization\"},\"potentialAction\":[{\"@type\":\"SearchAction\",\"target\":{\"@type\":\"EntryPoint\",\"urlTemplate\":\"http:\\\/\\\/gentedearte.org.ar\\\/2020\\\/?s={search_term_string}\"},\"query-input\":{\"@type\":\"PropertyValueSpecification\",\"valueRequired\":true,\"valueName\":\"search_term_string\"}}],\"inLanguage\":\"es\"},{\"@type\":\"Organization\",\"@id\":\"http:\\\/\\\/gentedearte.org.ar\\\/2020\\\/#organization\",\"name\":\"Gente de Arte\",\"url\":\"http:\\\/\\\/gentedearte.org.ar\\\/2020\\\/\",\"logo\":{\"@type\":\"ImageObject\",\"inLanguage\":\"es\",\"@id\":\"http:\\\/\\\/gentedearte.org.ar\\\/2020\\\/#\\\/schema\\\/logo\\\/image\\\/\",\"url\":\"http:\\\/\\\/gentedearte.org.ar\\\/2020\\\/wp-content\\\/uploads\\\/2020\\\/03\\\/gentearte-logo-modificado-tamao-153x159-1.jpg\",\"contentUrl\":\"http:\\\/\\\/gentedearte.org.ar\\\/2020\\\/wp-content\\\/uploads\\\/2020\\\/03\\\/gentearte-logo-modificado-tamao-153x159-1.jpg\",\"width\":153,\"height\":159,\"caption\":\"Gente de Arte\"},\"image\":{\"@id\":\"http:\\\/\\\/gentedearte.org.ar\\\/2020\\\/#\\\/schema\\\/logo\\\/image\\\/\"},\"sameAs\":[\"https:\\\/\\\/www.facebook.com\\\/gentedearte\",\"https:\\\/\\\/www.instagram.com\\\/gente.de.arte\"]},{\"@type\":\"Person\",\"@id\":\"http:\\\/\\\/gentedearte.org.ar\\\/2020\\\/#\\\/schema\\\/person\\\/3041ee5920212f2bddffe8bc39bf794f\",\"name\":\"Ariel Rabi\",\"url\":\"http:\\\/\\\/gentedearte.org.ar\\\/2020\\\/author\\\/arielrabi\\\/\"}]}<\/script>\n<!-- \/ Yoast SEO plugin. -->","yoast_head_json":{"title":"Arte y Bienestar - Gente de Arte","robots":{"index":"index","follow":"follow","max-snippet":"max-snippet:-1","max-image-preview":"max-image-preview:large","max-video-preview":"max-video-preview:-1"},"canonical":"http:\/\/gentedearte.org.ar\/2020\/arte-y-bienestar\/","og_locale":"es_ES","og_type":"article","og_title":"Arte y Bienestar - Gente de Arte","og_description":"Taller Recreativo y Pl\u00e1stica para Disfrutar \u2022 Se trata de un espacio en donde se emplean las Artes Pl\u00e1sticas de modo recreativo (sin compromisos acad\u00e9micos) y como herramienta de bienestar y mejora personal.","og_url":"http:\/\/gentedearte.org.ar\/2020\/arte-y-bienestar\/","og_site_name":"Gente de Arte","article_publisher":"https:\/\/www.facebook.com\/gentedearte","article_published_time":"2024-03-18T18:23:14+00:00","article_modified_time":"2024-03-18T18:53:08+00:00","og_image":[{"width":787,"height":480,"url":"http:\/\/gentedearte.org.ar\/2020\/wp-content\/uploads\/arte-y-bienestar-foto.jpg","type":"image\/jpeg"}],"author":"Ariel Rabi","twitter_card":"summary_large_image","schema":{"@context":"https:\/\/schema.org","@graph":[{"@type":"Article","@id":"http:\/\/gentedearte.org.ar\/2020\/arte-y-bienestar\/#article","isPartOf":{"@id":"http:\/\/gentedearte.org.ar\/2020\/arte-y-bienestar\/"},"author":{"name":"Ariel Rabi","@id":"http:\/\/gentedearte.org.ar\/2020\/#\/schema\/person\/3041ee5920212f2bddffe8bc39bf794f"},"headline":"Arte y Bienestar","datePublished":"2024-03-18T18:23:14+00:00","dateModified":"2024-03-18T18:53:08+00:00","mainEntityOfPage":{"@id":"http:\/\/gentedearte.org.ar\/2020\/arte-y-bienestar\/"},"wordCount":270,"publisher":{"@id":"http:\/\/gentedearte.org.ar\/2020\/#organization"},"image":{"@id":"http:\/\/gentedearte.org.ar\/2020\/arte-y-bienestar\/#primaryimage"},"thumbnailUrl":"http:\/\/gentedearte.org.ar\/2020\/wp-content\/uploads\/arte-y-bienestar-foto.jpg","articleSection":["Actividades","Blog","cursos","Talleres"],"inLanguage":"es"},{"@type":"WebPage","@id":"http:\/\/gentedearte.org.ar\/2020\/arte-y-bienestar\/","url":"http:\/\/gentedearte.org.ar\/2020\/arte-y-bienestar\/","name":"Arte y Bienestar - Gente de Arte","isPartOf":{"@id":"http:\/\/gentedearte.org.ar\/2020\/#website"},"primaryImageOfPage":{"@id":"http:\/\/gentedearte.org.ar\/2020\/arte-y-bienestar\/#primaryimage"},"image":{"@id":"http:\/\/gentedearte.org.ar\/2020\/arte-y-bienestar\/#primaryimage"},"thumbnailUrl":"http:\/\/gentedearte.org.ar\/2020\/wp-content\/uploads\/arte-y-bienestar-foto.jpg","datePublished":"2024-03-18T18:23:14+00:00","dateModified":"2024-03-18T18:53:08+00:00","breadcrumb":{"@id":"http:\/\/gentedearte.org.ar\/2020\/arte-y-bienestar\/#breadcrumb"},"inLanguage":"es","potentialAction":[{"@type":"ReadAction","target":["http:\/\/gentedearte.org.ar\/2020\/arte-y-bienestar\/"]}]},{"@type":"ImageObject","inLanguage":"es","@id":"http:\/\/gentedearte.org.ar\/2020\/arte-y-bienestar\/#primaryimage","url":"http:\/\/gentedearte.org.ar\/2020\/wp-content\/uploads\/arte-y-bienestar-foto.jpg","contentUrl":"http:\/\/gentedearte.org.ar\/2020\/wp-content\/uploads\/arte-y-bienestar-foto.jpg","width":787,"height":480,"caption":"Arteterapia"},{"@type":"BreadcrumbList","@id":"http:\/\/gentedearte.org.ar\/2020\/arte-y-bienestar\/#breadcrumb","itemListElement":[{"@type":"ListItem","position":1,"name":"Portada","item":"http:\/\/gentedearte.org.ar\/2020\/"},{"@type":"ListItem","position":2,"name":"Arte y Bienestar"}]},{"@type":"WebSite","@id":"http:\/\/gentedearte.org.ar\/2020\/#website","url":"http:\/\/gentedearte.org.ar\/2020\/","name":"Gente de Arte","description":"Asociaci\u00f3n","publisher":{"@id":"http:\/\/gentedearte.org.ar\/2020\/#organization"},"potentialAction":[{"@type":"SearchAction","target":{"@type":"EntryPoint","urlTemplate":"http:\/\/gentedearte.org.ar\/2020\/?s={search_term_string}"},"query-input":{"@type":"PropertyValueSpecification","valueRequired":true,"valueName":"search_term_string"}}],"inLanguage":"es"},{"@type":"Organization","@id":"http:\/\/gentedearte.org.ar\/2020\/#organization","name":"Gente de Arte","url":"http:\/\/gentedearte.org.ar\/2020\/","logo":{"@type":"ImageObject","inLanguage":"es","@id":"http:\/\/gentedearte.org.ar\/2020\/#\/schema\/logo\/image\/","url":"http:\/\/gentedearte.org.ar\/2020\/wp-content\/uploads\/2020\/03\/gentearte-logo-modificado-tamao-153x159-1.jpg","contentUrl":"http:\/\/gentedearte.org.ar\/2020\/wp-content\/uploads\/2020\/03\/gentearte-logo-modificado-tamao-153x159-1.jpg","width":153,"height":159,"caption":"Gente de Arte"},"image":{"@id":"http:\/\/gentedearte.org.ar\/2020\/#\/schema\/logo\/image\/"},"sameAs":["https:\/\/www.facebook.com\/gentedearte","https:\/\/www.instagram.com\/gente.de.arte"]},{"@type":"Person","@id":"http:\/\/gentedearte.org.ar\/2020\/#\/schema\/person\/3041ee5920212f2bddffe8bc39bf794f","name":"Ariel Rabi","url":"http:\/\/gentedearte.org.ar\/2020\/author\/arielrabi\/"}]}},"jetpack_featured_media_url":"http:\/\/gentedearte.org.ar\/2020\/wp-content\/uploads\/arte-y-bienestar-foto.jpg","uagb_featured_image_src":{"full":["http:\/\/gentedearte.org.ar\/2020\/wp-content\/uploads\/arte-y-bienestar-foto.jpg",787,480,false],"thumbnail":["http:\/\/gentedearte.org.ar\/2020\/wp-content\/uploads\/arte-y-bienestar-foto-150x150.jpg",150,150,true],"medium":["http:\/\/gentedearte.org.ar\/2020\/wp-content\/uploads\/arte-y-bienestar-foto-300x183.jpg",300,183,true],"medium_large":["http:\/\/gentedearte.org.ar\/2020\/wp-content\/uploads\/arte-y-bienestar-foto-768x468.jpg",768,468,true],"large":["http:\/\/gentedearte.org.ar\/2020\/wp-content\/uploads\/arte-y-bienestar-foto.jpg",787,480,false],"1536x1536":["http:\/\/gentedearte.org.ar\/2020\/wp-content\/uploads\/arte-y-bienestar-foto.jpg",787,480,false],"2048x2048":["http:\/\/gentedearte.org.ar\/2020\/wp-content\/uploads\/arte-y-bienestar-foto.jpg",787,480,false],"woocommerce_thumbnail":["http:\/\/gentedearte.org.ar\/2020\/wp-content\/uploads\/arte-y-bienestar-foto-300x300.jpg",300,300,true],"woocommerce_single":["http:\/\/gentedearte.org.ar\/2020\/wp-content\/uploads\/arte-y-bienestar-foto-600x366.jpg",600,366,true],"woocommerce_gallery_thumbnail":["http:\/\/gentedearte.org.ar\/2020\/wp-content\/uploads\/arte-y-bienestar-foto-100x100.jpg",100,100,true]},"uagb_author_info":{"display_name":"Ariel Rabi","author_link":"http:\/\/gentedearte.org.ar\/2020\/author\/arielrabi\/"},"uagb_comment_info":0,"uagb_excerpt":"Taller Recreativo y Pl\u00e1stica para Disfrutar \u2022 Se trata de un espacio en donde se emplean las Artes Pl\u00e1sticas de modo recreativo (sin compromisos acad\u00e9micos) y como herramienta de bienestar y mejora personal.","_links":{"self":[{"href":"http:\/\/gentedearte.org.ar\/2020\/wp-json\/wp\/v2\/posts\/3758","targetHints":{"allow":["GET"]}}],"collection":[{"href":"http:\/\/gentedearte.org.ar\/2020\/wp-json\/wp\/v2\/posts"}],"about":[{"href":"http:\/\/gentedearte.org.ar\/2020\/wp-json\/wp\/v2\/types\/post"}],"author":[{"embeddable":true,"href":"http:\/\/gentedearte.org.ar\/2020\/wp-json\/wp\/v2\/users\/4322"}],"replies":[{"embeddable":true,"href":"http:\/\/gentedearte.org.ar\/2020\/wp-json\/wp\/v2\/comments?post=3758"}],"version-history":[{"count":2,"href":"http:\/\/gentedearte.org.ar\/2020\/wp-json\/wp\/v2\/posts\/3758\/revisions"}],"predecessor-version":[{"id":3764,"href":"http:\/\/gentedearte.org.ar\/2020\/wp-json\/wp\/v2\/posts\/3758\/revisions\/3764"}],"wp:featuredmedia":[{"embeddable":true,"href":"http:\/\/gentedearte.org.ar\/2020\/wp-json\/wp\/v2\/media\/3762"}],"wp:attachment":[{"href":"http:\/\/gentedearte.org.ar\/2020\/wp-json\/wp\/v2\/media?parent=3758"}],"wp:term":[{"taxonomy":"category","embeddable":true,"href":"http:\/\/gentedearte.org.ar\/2020\/wp-json\/wp\/v2\/categories?post=3758"},{"taxonomy":"post_tag","embeddable":true,"href":"http:\/\/gentedearte.org.ar\/2020\/wp-json\/wp\/v2\/tags?post=3758"}],"curies":[{"name":"wp","href":"https:\/\/api.w.org\/{rel}","templated":true}]}}