{"id":3347,"date":"2023-03-25T14:49:06","date_gmt":"2023-03-25T17:49:06","guid":{"rendered":"http:\/\/gentedearte.org.ar\/2020\/?p=3347"},"modified":"2024-12-20T13:13:42","modified_gmt":"2024-12-20T16:13:42","slug":"actividades-artisticas-dibujo-y-pintura-2023","status":"publish","type":"post","link":"http:\/\/gentedearte.org.ar\/2020\/actividades-artisticas-dibujo-y-pintura-2023\/","title":{"rendered":"Actividades Art\u00edsticas DIBUJO Y PINTURA 2025"},"content":{"rendered":"\n<p class=\"has-large-font-size\"><strong>Actividades Art\u00edsticas <\/strong><br><strong>DIBUJO Y PINTURA 2025<\/strong><\/p>\n\n\n\n<p class=\"has-medium-font-size\">\u2022   Profesor: <a href=\"http:\/\/gentedearte.org.ar\/2020\/ariel-rabita\/\">ARIEL RABI<\/a><br>Info: <a href=\"http:\/\/gentedearte.org.ar\/2020\/ariel-rabi\/\">http:\/\/gentedearte.org.ar\/2020\/ariel-rabi<\/a><\/p>\n\n\n\n<figure class=\"wp-block-image size-large\"><img fetchpriority=\"high\" decoding=\"async\" width=\"1024\" height=\"768\" src=\"http:\/\/gentedearte.org.ar\/2020\/wp-content\/uploads\/000_0001-1024x768.jpg\" alt=\"\" class=\"wp-image-3710\" srcset=\"http:\/\/gentedearte.org.ar\/2020\/wp-content\/uploads\/\/000_0001-1024x768.jpg 1024w, http:\/\/gentedearte.org.ar\/2020\/wp-content\/uploads\/\/000_0001-300x225.jpg 300w, http:\/\/gentedearte.org.ar\/2020\/wp-content\/uploads\/\/000_0001-768x576.jpg 768w, http:\/\/gentedearte.org.ar\/2020\/wp-content\/uploads\/\/000_0001-1536x1152.jpg 1536w, http:\/\/gentedearte.org.ar\/2020\/wp-content\/uploads\/\/000_0001-600x450.jpg 600w, http:\/\/gentedearte.org.ar\/2020\/wp-content\/uploads\/\/000_0001.jpg 2048w\" sizes=\"(max-width: 1024px) 100vw, 1024px\" \/><\/figure>\n\n\n\n<p><\/p>\n\n\n\n<p class=\"has-medium-font-size\">&#x1f3a8;   <strong>D\u00cdA Y HORARIO<\/strong><\/p>\n\n\n\n<p class=\"has-medium-font-size\">\u2022   Viernes de 16 a 18 horas. Tambi\u00e9n durante el Verano.<\/p>\n\n\n\n<p class=\"has-medium-font-size\">&#x1f3a8;   <strong>DIRIGIDO A<\/strong><\/p>\n\n\n\n<p class=\"has-medium-font-size\">\u2022   Adolescentes (desde 13 a\u00f1os), J\u00f3venes, Adultos y Mayores.<\/p>\n\n\n\n<figure class=\"wp-block-image size-full\"><img decoding=\"async\" width=\"720\" height=\"960\" src=\"http:\/\/gentedearte.org.ar\/2020\/wp-content\/uploads\/12033138_690115771087967_7630006191491047461_n.jpg\" alt=\"\" class=\"wp-image-3703\" srcset=\"http:\/\/gentedearte.org.ar\/2020\/wp-content\/uploads\/\/12033138_690115771087967_7630006191491047461_n.jpg 720w, http:\/\/gentedearte.org.ar\/2020\/wp-content\/uploads\/\/12033138_690115771087967_7630006191491047461_n-225x300.jpg 225w, http:\/\/gentedearte.org.ar\/2020\/wp-content\/uploads\/\/12033138_690115771087967_7630006191491047461_n-600x800.jpg 600w\" sizes=\"(max-width: 720px) 100vw, 720px\" \/><figcaption>Acompa\u00f1amos los procesos creativos aportando una mirada id\u00f3nea en funci\u00f3n de las b\u00fasquedas personales.<\/figcaption><\/figure>\n\n\n\n<p class=\"has-medium-font-size\">&#x1f3a8;   <strong>DESCRIPCI\u00d3N<\/strong><br>\u2022   El taller se encuentra abierto a todos los niveles, t\u00e9cnicas y estilos. Incluyendo de este modo a  artistas ya formados y que deseen hacer una cl\u00ednica de su obra, como a principiantes en cualquier etapa de su vida.<br><br>\u2022  Trabajamos con la modalidad de taller libre, en funci\u00f3n del inter\u00e9s de cada alumno, reservando un importante espacio a la propia creaci\u00f3n e interacci\u00f3n grupal.<br><br><strong>\u2022<\/strong>  El seguimiento docente es individual facilitando el avance personal de todos adapt\u00e1ndose a cada necesidad.<br><br><strong>&#x1f3a8;   DURACI\u00d3N<\/strong><br>\u2022  Por consiguiente se trata de un ciclo anual, se otorgan certificados de asistencia y exposici\u00f3n en el Sal\u00f3n Anual de Alumnos con opci\u00f3n a participar de Cert\u00e1menes de Arte.<br><br><strong>&#x1f3a8;   MATERIALES<\/strong><br>\u2022  Para la primer clase es necesario concurrir con papel blanco para bocetos, l\u00e1pices grafito y\/o de color, sacapuntas, goma de borrar. <br> <br><strong>&#x1f3a8;   INSCRIPCI\u00d3N<\/strong><br>\u2022  La inscripci\u00f3n se encuentra abierta durante todo el ciclo hasta cubrir cupo.<br>\u2022  Se lleva a cabo completando la ficha de inscripci\u00f3n y abonando la primer clase. <br>\u2022  Concurrir con fotocopia frente y dorso del DNI.<\/p>\n\n\n\n<figure class=\"wp-block-gallery has-nested-images columns-default is-cropped wp-block-gallery-1 is-layout-flex wp-block-gallery-is-layout-flex\">\n<figure class=\"wp-block-image size-large\"><img decoding=\"async\" width=\"759\" height=\"1024\" data-id=\"3705\" src=\"http:\/\/gentedearte.org.ar\/2020\/wp-content\/uploads\/000_0r006-1-759x1024.jpg\" alt=\"\" class=\"wp-image-3705\" srcset=\"http:\/\/gentedearte.org.ar\/2020\/wp-content\/uploads\/\/000_0r006-1-759x1024.jpg 759w, http:\/\/gentedearte.org.ar\/2020\/wp-content\/uploads\/\/000_0r006-1-222x300.jpg 222w, http:\/\/gentedearte.org.ar\/2020\/wp-content\/uploads\/\/000_0r006-1-768x1036.jpg 768w, http:\/\/gentedearte.org.ar\/2020\/wp-content\/uploads\/\/000_0r006-1-1139x1536.jpg 1139w, http:\/\/gentedearte.org.ar\/2020\/wp-content\/uploads\/\/000_0r006-1-600x809.jpg 600w, http:\/\/gentedearte.org.ar\/2020\/wp-content\/uploads\/\/000_0r006-1.jpg 1311w\" sizes=\"(max-width: 759px) 100vw, 759px\" \/><\/figure>\n<\/figure>\n\n\n\n<p class=\"has-medium-font-size\"><strong>TECNICAS ART\u00cdSTICAS<\/strong> incluidas en el curso<\/p>\n\n\n\n<p class=\"has-medium-font-size\">Por consiguiente, algunas de las t\u00e9cnicas que abordamos: ACRILICO, OLEO, ACUARELA, PASTEL AL OLEO, PASTEL  A LA TIZA, GRAFITO, CARBONILLA, SANGUINA, T\u00c9CNICAS MIXTAS entre otras.<\/p>\n\n\n\n<p><\/p>\n\n\n\n<p class=\"has-medium-font-size\">&#x1f3a8;  <strong>ENLACES RELACIONADOS<\/strong><br><br><a href=\"https:\/\/www.facebook.com\/gentedearte\/\">https:\/\/www.facebook.com\/gentedearte\/<\/a><br><br><a href=\"http:\/\/gentedearte.org.ar\/2020\/dibujo-pintura-expresividad\/\">http:\/\/gentedearte.org.ar\/2020\/dibujo-pintura-expresividad\/<\/a><br><br><a href=\"http:\/\/gentedearte.org.ar\/2020\/verano-vacaciones-dibujo-pintura\/\">http:\/\/gentedearte.org.ar\/2020\/verano-vacaciones-dibujo-pintura\/<\/a><br><br><a href=\"https:\/\/www.instagram.com\/ariel_rabi\/\">https:\/\/www.instagram.com\/ariel_rabi<\/a><br><br><a href=\"https:\/\/www.facebook.com\/expresividadcreativa\/\">https:\/\/www.facebook.com\/expresividadcreativa\/<\/a><br><br><a href=\"http:\/\/gentedearte.org.ar\/2020\/actividades-artisticas-arte-para-ninos-2023\/\">http:\/\/gentedearte.org.ar\/2020\/actividades-artisticas-arte-para-ninos-2023\/<\/a><br><\/p>\n\n\n\n<p class=\"has-medium-font-size\">&#x1f4cd;<strong>UBICACI\u00d3N<\/strong><br><strong>Asociaci\u00f3n Gente de Arte de Avellaneda<\/strong><br>Alsina 234 &#8211; Avellaneda (a 30 metros de Av. Belgrano)<\/p>\n\n\n\n<p class=\"has-medium-font-size\"><strong>\u00bfC\u00f3mo llegar?<\/strong><br><a href=\"https:\/\/www.google.com\/maps\/place\/Alsina+234,+B1870CIF+Gran+Buenos+Aires,+Buenos+Aires\/@-34.6648938,-58.3668993,17z\/data=!3m1!4b1!4m5!3m4!1s0x95a3334dcf702153:0x3461800138f115cd!8m2!3d-34.6648938!4d-58.3668993\">https:\/\/www.google.com\/maps\/place\/Alsina+234,+B1870CIF+Gran+Buenos+Aires,+Buenos+Aires\/@-34.6648938,-58.3668993,17z\/data=!3m1!4b1!4m5!3m4!1s0x95a3334dcf702153:0x3461800138f115cd!8m2!3d-34.6648938!4d-58.3668993<\/a><\/p>\n\n\n\n<p class=\"has-medium-font-size\">&#x1f3a8;   <strong>M\u00c1S INFORMES<\/strong><\/p>\n\n\n\n<p class=\"has-large-font-size\"><strong>Wpp: 11-4411-1016<\/strong><\/p>\n","protected":false},"excerpt":{"rendered":"<p>Actividades Art\u00edsticas DIBUJO Y PINTURA 2025 \u2022 Profesor: ARIEL RABIInfo: http:\/\/gentedearte.org.ar\/2020\/ariel-rabi &#x1f3a8; D\u00cdA Y HORARIO \u2022 Viernes de 16 a 18 horas. Tambi\u00e9n durante el Verano. &#x1f3a8; DIRIGIDO A \u2022 Adolescentes (desde 13 a\u00f1os), J\u00f3venes, Adultos y Mayores. &#x1f3a8; DESCRIPCI\u00d3N\u2022 El taller se encuentra abierto a todos los niveles, t\u00e9cnicas y estilos. Incluyendo de este [&hellip;]<\/p>\n","protected":false},"author":5,"featured_media":1954,"comment_status":"closed","ping_status":"closed","sticky":false,"template":"","format":"standard","meta":{"_uag_custom_page_level_css":"","site-sidebar-layout":"default","site-content-layout":"default","ast-site-content-layout":"","site-content-style":"default","site-sidebar-style":"default","ast-global-header-display":"","ast-banner-title-visibility":"","ast-main-header-display":"","ast-hfb-above-header-display":"","ast-hfb-below-header-display":"","ast-hfb-mobile-header-display":"","site-post-title":"","ast-breadcrumbs-content":"","ast-featured-img":"","footer-sml-layout":"","theme-transparent-header-meta":"default","adv-header-id-meta":"","stick-header-meta":"","header-above-stick-meta":"","header-main-stick-meta":"","header-below-stick-meta":"","astra-migrate-meta-layouts":"default","ast-page-background-enabled":"default","ast-page-background-meta":{"desktop":{"background-color":"var(--ast-global-color-4)","background-image":"","background-repeat":"repeat","background-position":"center center","background-size":"auto","background-attachment":"scroll","background-type":"","background-media":"","overlay-type":"","overlay-color":"","overlay-opacity":"","overlay-gradient":""},"tablet":{"background-color":"","background-image":"","background-repeat":"repeat","background-position":"center center","background-size":"auto","background-attachment":"scroll","background-type":"","background-media":"","overlay-type":"","overlay-color":"","overlay-opacity":"","overlay-gradient":""},"mobile":{"background-color":"","background-image":"","background-repeat":"repeat","background-position":"center center","background-size":"auto","background-attachment":"scroll","background-type":"","background-media":"","overlay-type":"","overlay-color":"","overlay-opacity":"","overlay-gradient":""}},"ast-content-background-meta":{"desktop":{"background-color":"var(--ast-global-color-5)","background-image":"","background-repeat":"repeat","background-position":"center center","background-size":"auto","background-attachment":"scroll","background-type":"","background-media":"","overlay-type":"","overlay-color":"","overlay-opacity":"","overlay-gradient":""},"tablet":{"background-color":"var(--ast-global-color-5)","background-image":"","background-repeat":"repeat","background-position":"center center","background-size":"auto","background-attachment":"scroll","background-type":"","background-media":"","overlay-type":"","overlay-color":"","overlay-opacity":"","overlay-gradient":""},"mobile":{"background-color":"var(--ast-global-color-5)","background-image":"","background-repeat":"repeat","background-position":"center center","background-size":"auto","background-attachment":"scroll","background-type":"","background-media":"","overlay-type":"","overlay-color":"","overlay-opacity":"","overlay-gradient":""}},"footnotes":""},"categories":[90,96,16,9],"tags":[94,69,145,73,21],"class_list":["post-3347","post","type-post","status-publish","format-standard","has-post-thumbnail","hentry","category-articulos","category-blog","category-escuela","category-talleres","tag-creatividad","tag-dibujo","tag-dibujo-y-pintura","tag-pintura","tag-plastica"],"yoast_head":"<!-- This site is optimized with the Yoast SEO plugin v27.5 - https:\/\/yoast.com\/product\/yoast-seo-wordpress\/ -->\n<title>Actividades Art\u00edsticas DIBUJO Y PINTURA 2025 - Gente de Arte<\/title>\n<meta name=\"robots\" content=\"index, follow, max-snippet:-1, max-image-preview:large, max-video-preview:-1\" \/>\n<link rel=\"canonical\" href=\"http:\/\/gentedearte.org.ar\/2020\/actividades-artisticas-dibujo-y-pintura-2023\/\" \/>\n<meta property=\"og:locale\" content=\"es_ES\" \/>\n<meta property=\"og:type\" content=\"article\" \/>\n<meta property=\"og:title\" content=\"Actividades Art\u00edsticas DIBUJO Y PINTURA 2025 - Gente de Arte\" \/>\n<meta property=\"og:description\" content=\"Actividades Art\u00edsticas DIBUJO Y PINTURA 2025 \u2022 Profesor: ARIEL RABIInfo: http:\/\/gentedearte.org.ar\/2020\/ariel-rabi &#x1f3a8; D\u00cdA Y HORARIO \u2022 Viernes de 16 a 18 horas. Tambi\u00e9n durante el Verano. &#x1f3a8; DIRIGIDO A \u2022 Adolescentes (desde 13 a\u00f1os), J\u00f3venes, Adultos y Mayores. &#x1f3a8; DESCRIPCI\u00d3N\u2022 El taller se encuentra abierto a todos los niveles, t\u00e9cnicas y estilos. Incluyendo de este [&hellip;]\" \/>\n<meta property=\"og:url\" content=\"http:\/\/gentedearte.org.ar\/2020\/actividades-artisticas-dibujo-y-pintura-2023\/\" \/>\n<meta property=\"og:site_name\" content=\"Gente de Arte\" \/>\n<meta property=\"article:publisher\" content=\"https:\/\/www.facebook.com\/gentedearte\" \/>\n<meta property=\"article:published_time\" content=\"2023-03-25T17:49:06+00:00\" \/>\n<meta property=\"article:modified_time\" content=\"2024-12-20T16:13:42+00:00\" \/>\n<meta property=\"og:image\" content=\"http:\/\/gentedearte.org.ar\/2020\/wp-content\/uploads\/83553103_1675568995934982_9123265518940192768_n.jpg\" \/>\n\t<meta property=\"og:image:width\" content=\"1280\" \/>\n\t<meta property=\"og:image:height\" content=\"960\" \/>\n\t<meta property=\"og:image:type\" content=\"image\/jpeg\" \/>\n<meta name=\"author\" content=\"Gestor de contenidos contenidos\" \/>\n<meta name=\"twitter:card\" content=\"summary_large_image\" \/>\n<script type=\"application\/ld+json\" class=\"yoast-schema-graph\">{\"@context\":\"https:\\\/\\\/schema.org\",\"@graph\":[{\"@type\":\"Article\",\"@id\":\"http:\\\/\\\/gentedearte.org.ar\\\/2020\\\/actividades-artisticas-dibujo-y-pintura-2023\\\/#article\",\"isPartOf\":{\"@id\":\"http:\\\/\\\/gentedearte.org.ar\\\/2020\\\/actividades-artisticas-dibujo-y-pintura-2023\\\/\"},\"author\":{\"name\":\"Gestor de contenidos contenidos\",\"@id\":\"http:\\\/\\\/gentedearte.org.ar\\\/2020\\\/#\\\/schema\\\/person\\\/80c8a386d27621fa0a75f5b719ed1fb0\"},\"headline\":\"Actividades Art\u00edsticas DIBUJO Y PINTURA 2025\",\"datePublished\":\"2023-03-25T17:49:06+00:00\",\"dateModified\":\"2024-12-20T16:13:42+00:00\",\"mainEntityOfPage\":{\"@id\":\"http:\\\/\\\/gentedearte.org.ar\\\/2020\\\/actividades-artisticas-dibujo-y-pintura-2023\\\/\"},\"wordCount\":399,\"publisher\":{\"@id\":\"http:\\\/\\\/gentedearte.org.ar\\\/2020\\\/#organization\"},\"image\":{\"@id\":\"http:\\\/\\\/gentedearte.org.ar\\\/2020\\\/actividades-artisticas-dibujo-y-pintura-2023\\\/#primaryimage\"},\"thumbnailUrl\":\"http:\\\/\\\/gentedearte.org.ar\\\/2020\\\/wp-content\\\/uploads\\\/83553103_1675568995934982_9123265518940192768_n.jpg\",\"keywords\":[\"Creatividad\",\"Dibujo\",\"Dibujo y Pintura\",\"Pintura\",\"Pl\u00e1stica\"],\"articleSection\":[\"Art\u00edculos\",\"Blog\",\"Escuela\",\"Talleres\"],\"inLanguage\":\"es\"},{\"@type\":\"WebPage\",\"@id\":\"http:\\\/\\\/gentedearte.org.ar\\\/2020\\\/actividades-artisticas-dibujo-y-pintura-2023\\\/\",\"url\":\"http:\\\/\\\/gentedearte.org.ar\\\/2020\\\/actividades-artisticas-dibujo-y-pintura-2023\\\/\",\"name\":\"Actividades Art\u00edsticas DIBUJO Y PINTURA 2025 - Gente de Arte\",\"isPartOf\":{\"@id\":\"http:\\\/\\\/gentedearte.org.ar\\\/2020\\\/#website\"},\"primaryImageOfPage\":{\"@id\":\"http:\\\/\\\/gentedearte.org.ar\\\/2020\\\/actividades-artisticas-dibujo-y-pintura-2023\\\/#primaryimage\"},\"image\":{\"@id\":\"http:\\\/\\\/gentedearte.org.ar\\\/2020\\\/actividades-artisticas-dibujo-y-pintura-2023\\\/#primaryimage\"},\"thumbnailUrl\":\"http:\\\/\\\/gentedearte.org.ar\\\/2020\\\/wp-content\\\/uploads\\\/83553103_1675568995934982_9123265518940192768_n.jpg\",\"datePublished\":\"2023-03-25T17:49:06+00:00\",\"dateModified\":\"2024-12-20T16:13:42+00:00\",\"breadcrumb\":{\"@id\":\"http:\\\/\\\/gentedearte.org.ar\\\/2020\\\/actividades-artisticas-dibujo-y-pintura-2023\\\/#breadcrumb\"},\"inLanguage\":\"es\",\"potentialAction\":[{\"@type\":\"ReadAction\",\"target\":[\"http:\\\/\\\/gentedearte.org.ar\\\/2020\\\/actividades-artisticas-dibujo-y-pintura-2023\\\/\"]}]},{\"@type\":\"ImageObject\",\"inLanguage\":\"es\",\"@id\":\"http:\\\/\\\/gentedearte.org.ar\\\/2020\\\/actividades-artisticas-dibujo-y-pintura-2023\\\/#primaryimage\",\"url\":\"http:\\\/\\\/gentedearte.org.ar\\\/2020\\\/wp-content\\\/uploads\\\/83553103_1675568995934982_9123265518940192768_n.jpg\",\"contentUrl\":\"http:\\\/\\\/gentedearte.org.ar\\\/2020\\\/wp-content\\\/uploads\\\/83553103_1675568995934982_9123265518940192768_n.jpg\",\"width\":1280,\"height\":960},{\"@type\":\"BreadcrumbList\",\"@id\":\"http:\\\/\\\/gentedearte.org.ar\\\/2020\\\/actividades-artisticas-dibujo-y-pintura-2023\\\/#breadcrumb\",\"itemListElement\":[{\"@type\":\"ListItem\",\"position\":1,\"name\":\"Portada\",\"item\":\"http:\\\/\\\/gentedearte.org.ar\\\/2020\\\/\"},{\"@type\":\"ListItem\",\"position\":2,\"name\":\"Actividades Art\u00edsticas DIBUJO Y PINTURA 2025\"}]},{\"@type\":\"WebSite\",\"@id\":\"http:\\\/\\\/gentedearte.org.ar\\\/2020\\\/#website\",\"url\":\"http:\\\/\\\/gentedearte.org.ar\\\/2020\\\/\",\"name\":\"Gente de Arte\",\"description\":\"Asociaci\u00f3n\",\"publisher\":{\"@id\":\"http:\\\/\\\/gentedearte.org.ar\\\/2020\\\/#organization\"},\"potentialAction\":[{\"@type\":\"SearchAction\",\"target\":{\"@type\":\"EntryPoint\",\"urlTemplate\":\"http:\\\/\\\/gentedearte.org.ar\\\/2020\\\/?s={search_term_string}\"},\"query-input\":{\"@type\":\"PropertyValueSpecification\",\"valueRequired\":true,\"valueName\":\"search_term_string\"}}],\"inLanguage\":\"es\"},{\"@type\":\"Organization\",\"@id\":\"http:\\\/\\\/gentedearte.org.ar\\\/2020\\\/#organization\",\"name\":\"Gente de Arte\",\"url\":\"http:\\\/\\\/gentedearte.org.ar\\\/2020\\\/\",\"logo\":{\"@type\":\"ImageObject\",\"inLanguage\":\"es\",\"@id\":\"http:\\\/\\\/gentedearte.org.ar\\\/2020\\\/#\\\/schema\\\/logo\\\/image\\\/\",\"url\":\"http:\\\/\\\/gentedearte.org.ar\\\/2020\\\/wp-content\\\/uploads\\\/2020\\\/03\\\/gentearte-logo-modificado-tamao-153x159-1.jpg\",\"contentUrl\":\"http:\\\/\\\/gentedearte.org.ar\\\/2020\\\/wp-content\\\/uploads\\\/2020\\\/03\\\/gentearte-logo-modificado-tamao-153x159-1.jpg\",\"width\":153,\"height\":159,\"caption\":\"Gente de Arte\"},\"image\":{\"@id\":\"http:\\\/\\\/gentedearte.org.ar\\\/2020\\\/#\\\/schema\\\/logo\\\/image\\\/\"},\"sameAs\":[\"https:\\\/\\\/www.facebook.com\\\/gentedearte\",\"https:\\\/\\\/www.instagram.com\\\/gente.de.arte\"]},{\"@type\":\"Person\",\"@id\":\"http:\\\/\\\/gentedearte.org.ar\\\/2020\\\/#\\\/schema\\\/person\\\/80c8a386d27621fa0a75f5b719ed1fb0\",\"name\":\"Gestor de contenidos contenidos\",\"url\":\"http:\\\/\\\/gentedearte.org.ar\\\/2020\\\/author\\\/contenidos\\\/\"}]}<\/script>\n<!-- \/ Yoast SEO plugin. -->","yoast_head_json":{"title":"Actividades Art\u00edsticas DIBUJO Y PINTURA 2025 - Gente de Arte","robots":{"index":"index","follow":"follow","max-snippet":"max-snippet:-1","max-image-preview":"max-image-preview:large","max-video-preview":"max-video-preview:-1"},"canonical":"http:\/\/gentedearte.org.ar\/2020\/actividades-artisticas-dibujo-y-pintura-2023\/","og_locale":"es_ES","og_type":"article","og_title":"Actividades Art\u00edsticas DIBUJO Y PINTURA 2025 - Gente de Arte","og_description":"Actividades Art\u00edsticas DIBUJO Y PINTURA 2025 \u2022 Profesor: ARIEL RABIInfo: http:\/\/gentedearte.org.ar\/2020\/ariel-rabi &#x1f3a8; D\u00cdA Y HORARIO \u2022 Viernes de 16 a 18 horas. Tambi\u00e9n durante el Verano. &#x1f3a8; DIRIGIDO A \u2022 Adolescentes (desde 13 a\u00f1os), J\u00f3venes, Adultos y Mayores. &#x1f3a8; DESCRIPCI\u00d3N\u2022 El taller se encuentra abierto a todos los niveles, t\u00e9cnicas y estilos. Incluyendo de este [&hellip;]","og_url":"http:\/\/gentedearte.org.ar\/2020\/actividades-artisticas-dibujo-y-pintura-2023\/","og_site_name":"Gente de Arte","article_publisher":"https:\/\/www.facebook.com\/gentedearte","article_published_time":"2023-03-25T17:49:06+00:00","article_modified_time":"2024-12-20T16:13:42+00:00","og_image":[{"width":1280,"height":960,"url":"http:\/\/gentedearte.org.ar\/2020\/wp-content\/uploads\/83553103_1675568995934982_9123265518940192768_n.jpg","type":"image\/jpeg"}],"author":"Gestor de contenidos contenidos","twitter_card":"summary_large_image","schema":{"@context":"https:\/\/schema.org","@graph":[{"@type":"Article","@id":"http:\/\/gentedearte.org.ar\/2020\/actividades-artisticas-dibujo-y-pintura-2023\/#article","isPartOf":{"@id":"http:\/\/gentedearte.org.ar\/2020\/actividades-artisticas-dibujo-y-pintura-2023\/"},"author":{"name":"Gestor de contenidos contenidos","@id":"http:\/\/gentedearte.org.ar\/2020\/#\/schema\/person\/80c8a386d27621fa0a75f5b719ed1fb0"},"headline":"Actividades Art\u00edsticas DIBUJO Y PINTURA 2025","datePublished":"2023-03-25T17:49:06+00:00","dateModified":"2024-12-20T16:13:42+00:00","mainEntityOfPage":{"@id":"http:\/\/gentedearte.org.ar\/2020\/actividades-artisticas-dibujo-y-pintura-2023\/"},"wordCount":399,"publisher":{"@id":"http:\/\/gentedearte.org.ar\/2020\/#organization"},"image":{"@id":"http:\/\/gentedearte.org.ar\/2020\/actividades-artisticas-dibujo-y-pintura-2023\/#primaryimage"},"thumbnailUrl":"http:\/\/gentedearte.org.ar\/2020\/wp-content\/uploads\/83553103_1675568995934982_9123265518940192768_n.jpg","keywords":["Creatividad","Dibujo","Dibujo y Pintura","Pintura","Pl\u00e1stica"],"articleSection":["Art\u00edculos","Blog","Escuela","Talleres"],"inLanguage":"es"},{"@type":"WebPage","@id":"http:\/\/gentedearte.org.ar\/2020\/actividades-artisticas-dibujo-y-pintura-2023\/","url":"http:\/\/gentedearte.org.ar\/2020\/actividades-artisticas-dibujo-y-pintura-2023\/","name":"Actividades Art\u00edsticas DIBUJO Y PINTURA 2025 - Gente de Arte","isPartOf":{"@id":"http:\/\/gentedearte.org.ar\/2020\/#website"},"primaryImageOfPage":{"@id":"http:\/\/gentedearte.org.ar\/2020\/actividades-artisticas-dibujo-y-pintura-2023\/#primaryimage"},"image":{"@id":"http:\/\/gentedearte.org.ar\/2020\/actividades-artisticas-dibujo-y-pintura-2023\/#primaryimage"},"thumbnailUrl":"http:\/\/gentedearte.org.ar\/2020\/wp-content\/uploads\/83553103_1675568995934982_9123265518940192768_n.jpg","datePublished":"2023-03-25T17:49:06+00:00","dateModified":"2024-12-20T16:13:42+00:00","breadcrumb":{"@id":"http:\/\/gentedearte.org.ar\/2020\/actividades-artisticas-dibujo-y-pintura-2023\/#breadcrumb"},"inLanguage":"es","potentialAction":[{"@type":"ReadAction","target":["http:\/\/gentedearte.org.ar\/2020\/actividades-artisticas-dibujo-y-pintura-2023\/"]}]},{"@type":"ImageObject","inLanguage":"es","@id":"http:\/\/gentedearte.org.ar\/2020\/actividades-artisticas-dibujo-y-pintura-2023\/#primaryimage","url":"http:\/\/gentedearte.org.ar\/2020\/wp-content\/uploads\/83553103_1675568995934982_9123265518940192768_n.jpg","contentUrl":"http:\/\/gentedearte.org.ar\/2020\/wp-content\/uploads\/83553103_1675568995934982_9123265518940192768_n.jpg","width":1280,"height":960},{"@type":"BreadcrumbList","@id":"http:\/\/gentedearte.org.ar\/2020\/actividades-artisticas-dibujo-y-pintura-2023\/#breadcrumb","itemListElement":[{"@type":"ListItem","position":1,"name":"Portada","item":"http:\/\/gentedearte.org.ar\/2020\/"},{"@type":"ListItem","position":2,"name":"Actividades Art\u00edsticas DIBUJO Y PINTURA 2025"}]},{"@type":"WebSite","@id":"http:\/\/gentedearte.org.ar\/2020\/#website","url":"http:\/\/gentedearte.org.ar\/2020\/","name":"Gente de Arte","description":"Asociaci\u00f3n","publisher":{"@id":"http:\/\/gentedearte.org.ar\/2020\/#organization"},"potentialAction":[{"@type":"SearchAction","target":{"@type":"EntryPoint","urlTemplate":"http:\/\/gentedearte.org.ar\/2020\/?s={search_term_string}"},"query-input":{"@type":"PropertyValueSpecification","valueRequired":true,"valueName":"search_term_string"}}],"inLanguage":"es"},{"@type":"Organization","@id":"http:\/\/gentedearte.org.ar\/2020\/#organization","name":"Gente de Arte","url":"http:\/\/gentedearte.org.ar\/2020\/","logo":{"@type":"ImageObject","inLanguage":"es","@id":"http:\/\/gentedearte.org.ar\/2020\/#\/schema\/logo\/image\/","url":"http:\/\/gentedearte.org.ar\/2020\/wp-content\/uploads\/2020\/03\/gentearte-logo-modificado-tamao-153x159-1.jpg","contentUrl":"http:\/\/gentedearte.org.ar\/2020\/wp-content\/uploads\/2020\/03\/gentearte-logo-modificado-tamao-153x159-1.jpg","width":153,"height":159,"caption":"Gente de Arte"},"image":{"@id":"http:\/\/gentedearte.org.ar\/2020\/#\/schema\/logo\/image\/"},"sameAs":["https:\/\/www.facebook.com\/gentedearte","https:\/\/www.instagram.com\/gente.de.arte"]},{"@type":"Person","@id":"http:\/\/gentedearte.org.ar\/2020\/#\/schema\/person\/80c8a386d27621fa0a75f5b719ed1fb0","name":"Gestor de contenidos contenidos","url":"http:\/\/gentedearte.org.ar\/2020\/author\/contenidos\/"}]}},"jetpack_featured_media_url":"http:\/\/gentedearte.org.ar\/2020\/wp-content\/uploads\/83553103_1675568995934982_9123265518940192768_n.jpg","uagb_featured_image_src":{"full":["http:\/\/gentedearte.org.ar\/2020\/wp-content\/uploads\/83553103_1675568995934982_9123265518940192768_n.jpg",1280,960,false],"thumbnail":["http:\/\/gentedearte.org.ar\/2020\/wp-content\/uploads\/83553103_1675568995934982_9123265518940192768_n-150x150.jpg",150,150,true],"medium":["http:\/\/gentedearte.org.ar\/2020\/wp-content\/uploads\/83553103_1675568995934982_9123265518940192768_n-300x225.jpg",300,225,true],"medium_large":["http:\/\/gentedearte.org.ar\/2020\/wp-content\/uploads\/83553103_1675568995934982_9123265518940192768_n-768x576.jpg",768,576,true],"large":["http:\/\/gentedearte.org.ar\/2020\/wp-content\/uploads\/83553103_1675568995934982_9123265518940192768_n-1024x768.jpg",1024,768,true],"1536x1536":["http:\/\/gentedearte.org.ar\/2020\/wp-content\/uploads\/83553103_1675568995934982_9123265518940192768_n.jpg",1280,960,false],"2048x2048":["http:\/\/gentedearte.org.ar\/2020\/wp-content\/uploads\/83553103_1675568995934982_9123265518940192768_n.jpg",1280,960,false],"woocommerce_thumbnail":["http:\/\/gentedearte.org.ar\/2020\/wp-content\/uploads\/83553103_1675568995934982_9123265518940192768_n-300x300.jpg",300,300,true],"woocommerce_single":["http:\/\/gentedearte.org.ar\/2020\/wp-content\/uploads\/83553103_1675568995934982_9123265518940192768_n-600x450.jpg",600,450,true],"woocommerce_gallery_thumbnail":["http:\/\/gentedearte.org.ar\/2020\/wp-content\/uploads\/83553103_1675568995934982_9123265518940192768_n-100x100.jpg",100,100,true]},"uagb_author_info":{"display_name":"Gestor de contenidos contenidos","author_link":"http:\/\/gentedearte.org.ar\/2020\/author\/contenidos\/"},"uagb_comment_info":0,"uagb_excerpt":"Actividades Art\u00edsticas DIBUJO Y PINTURA 2025 \u2022 Profesor: ARIEL RABIInfo: http:\/\/gentedearte.org.ar\/2020\/ariel-rabi &#x1f3a8; D\u00cdA Y HORARIO \u2022 Viernes de 16 a 18 horas. Tambi\u00e9n durante el Verano. &#x1f3a8; DIRIGIDO A \u2022 Adolescentes (desde 13 a\u00f1os), J\u00f3venes, Adultos y Mayores. &#x1f3a8; DESCRIPCI\u00d3N\u2022 El taller se encuentra abierto a todos los niveles, t\u00e9cnicas y estilos. Incluyendo de este&hellip;","_links":{"self":[{"href":"http:\/\/gentedearte.org.ar\/2020\/wp-json\/wp\/v2\/posts\/3347","targetHints":{"allow":["GET"]}}],"collection":[{"href":"http:\/\/gentedearte.org.ar\/2020\/wp-json\/wp\/v2\/posts"}],"about":[{"href":"http:\/\/gentedearte.org.ar\/2020\/wp-json\/wp\/v2\/types\/post"}],"author":[{"embeddable":true,"href":"http:\/\/gentedearte.org.ar\/2020\/wp-json\/wp\/v2\/users\/5"}],"replies":[{"embeddable":true,"href":"http:\/\/gentedearte.org.ar\/2020\/wp-json\/wp\/v2\/comments?post=3347"}],"version-history":[{"count":10,"href":"http:\/\/gentedearte.org.ar\/2020\/wp-json\/wp\/v2\/posts\/3347\/revisions"}],"predecessor-version":[{"id":3834,"href":"http:\/\/gentedearte.org.ar\/2020\/wp-json\/wp\/v2\/posts\/3347\/revisions\/3834"}],"wp:featuredmedia":[{"embeddable":true,"href":"http:\/\/gentedearte.org.ar\/2020\/wp-json\/wp\/v2\/media\/1954"}],"wp:attachment":[{"href":"http:\/\/gentedearte.org.ar\/2020\/wp-json\/wp\/v2\/media?parent=3347"}],"wp:term":[{"taxonomy":"category","embeddable":true,"href":"http:\/\/gentedearte.org.ar\/2020\/wp-json\/wp\/v2\/categories?post=3347"},{"taxonomy":"post_tag","embeddable":true,"href":"http:\/\/gentedearte.org.ar\/2020\/wp-json\/wp\/v2\/tags?post=3347"}],"curies":[{"name":"wp","href":"https:\/\/api.w.org\/{rel}","templated":true}]}}