{"id":2885,"date":"2022-10-04T17:18:15","date_gmt":"2022-10-04T20:18:15","guid":{"rendered":"http:\/\/gentedearte.org.ar\/2020\/?p=2885"},"modified":"2023-11-07T10:36:33","modified_gmt":"2023-11-07T13:36:33","slug":"encuentros-orilla","status":"publish","type":"post","link":"http:\/\/gentedearte.org.ar\/2020\/encuentros-orilla\/","title":{"rendered":"Encuentros en la Orilla 2022"},"content":{"rendered":"\n<figure class=\"wp-block-embed is-type-video is-provider-youtube wp-block-embed-youtube wp-embed-aspect-16-9 wp-has-aspect-ratio\"><div class=\"wp-block-embed__wrapper\">\n<div class=\"ast-oembed-container \" style=\"height: 100%;\"><iframe title=\"Encuentros en la Orilla - 2022\" width=\"500\" height=\"281\" src=\"https:\/\/www.youtube.com\/embed\/8OiNKK3TOrA?feature=oembed\" frameborder=\"0\" allow=\"accelerometer; autoplay; clipboard-write; encrypted-media; gyroscope; picture-in-picture; web-share\" referrerpolicy=\"strict-origin-when-cross-origin\" allowfullscreen><\/iframe><\/div>\n<\/div><\/figure>\n\n\n\n<h2 class=\"wp-block-heading\">ENCUENTROS EN LA ORILLA 2022<\/h2>\n\n\n\n<h3 class=\"wp-block-heading\">CRUCE DE ARTES<\/h3>\n\n\n\n<ul class=\"wp-block-list\"><li><strong>Cuando<\/strong>: S\u00e1bado 29\/10\/22 de 17 a 21 hs<\/li><li><strong>Donde<\/strong>: Paseo de la Ribera &#8211; Avellaneda &#8211; Frente a los silos<ul><li>Carlos Pellegrini y Florentino Ameghino, Avellaneda<\/li><li>link en google maps: <a href=\"https:\/\/www.google.com\/maps\/@-34.6528427,-58.368681,19z\">https:\/\/www.google.com\/maps\/@-34.6528427,-58.368681,19z<\/a><\/li><li><strong>Estacionamiento<\/strong>: Carlos Pellegrini y Cambaceres ( debajo del puente Pueyrredon )<\/li><\/ul><\/li><\/ul>\n\n\n\n<p>Te invitamos a participar de este hermoso encuentro, estaremos profesores y alumnos pintando, fotografiando, creando arte libremente. Puedes venir a disfrutar de la tarde con tu familia o crear tu obra e inscribirla en el concurso abierto, rememorando nuestro tradicional concurso de manchas de 1950, desde el mismo lugar, en la ribera del riachuelo del lado de Avellaneda. <\/p>\n\n\n\n<p>All\u00ed mismo estuvieron retratando la zona renombrados artistas que pasaron por nuestra instituci\u00f3n como Quinquela Mart\u00edn y tantos otros que con el tiempo y esfuerzo dejaron su impronta en el arte nacional. En esta oportunidad, se cruzar\u00e1n las artes tradicionales con las artes electr\u00f3nicas y el arte de nuevos medios.<\/p>\n\n\n\n<p>Para llegar, son 3 cuadras desde el Bingo Avellaneda o 5 desde la sede del club independiente en Av. Mitre. Habr\u00e1 seguridad provista por la municipalidad durante todo el encuentro. Se puede estacionar en la playa debajo del puente Pueyrred\u00f3n. Puedes traer tu comida, te recomendamos sombrero para el sol, algo de abrigo para la noche y protecci\u00f3n para los mosquitos.<\/p>\n\n\n\n<div class=\"wp-block-jetpack-tiled-gallery aligncenter is-style-rectangular\"><div class=\"tiled-gallery__gallery\"><div class=\"tiled-gallery__row\"><div class=\"tiled-gallery__col\" style=\"flex-basis:59.03287%\"><figure class=\"tiled-gallery__item\"><a href=\"http:\/\/gentedearte.org.ar\/2020\/wp-content\/uploads\/mapa-evento-orillas-1-1024x922.jpg\"><img decoding=\"async\" alt=\"\" data-height=\"1284\" data-id=\"3120\" data-link=\"http:\/\/gentedearte.org.ar\/2020\/encuentros-orilla\/mapa-evento-orillas-1\/\" data-url=\"http:\/\/gentedearte.org.ar\/2020\/wp-content\/uploads\/mapa-evento-orillas-1-1024x922.jpg\" data-width=\"1426\" src=\"https:\/\/i2.wp.com\/gentedearte.org.ar\/2020\/wp-content\/uploads\/mapa-evento-orillas-1-1024x922.jpg\" data-amp-layout=\"responsive\"><\/a><\/figure><\/div><div class=\"tiled-gallery__col\" style=\"flex-basis:40.96713%\"><figure class=\"tiled-gallery__item\"><a href=\"http:\/\/gentedearte.org.ar\/2020\/wp-content\/uploads\/mapa-mapping-avellaneda-1024x757.jpg\"><img decoding=\"async\" alt=\"\" data-height=\"890\" data-id=\"3121\" data-link=\"http:\/\/gentedearte.org.ar\/2020\/encuentros-orilla\/mapa-mapping-avellaneda\/\" data-url=\"http:\/\/gentedearte.org.ar\/2020\/wp-content\/uploads\/mapa-mapping-avellaneda-1024x757.jpg\" data-width=\"1204\" src=\"https:\/\/i2.wp.com\/gentedearte.org.ar\/2020\/wp-content\/uploads\/mapa-mapping-avellaneda-1024x757.jpg\" data-amp-layout=\"responsive\"><\/a><\/figure><figure class=\"tiled-gallery__item\"><a href=\"http:\/\/gentedearte.org.ar\/2020\/wp-content\/uploads\/Silos1-1024x565.jpeg\"><img decoding=\"async\" alt=\"\" data-height=\"706\" data-id=\"3118\" data-link=\"http:\/\/gentedearte.org.ar\/2020\/encuentros-orilla\/silos1\/\" data-url=\"http:\/\/gentedearte.org.ar\/2020\/wp-content\/uploads\/Silos1-1024x565.jpeg\" data-width=\"1280\" src=\"https:\/\/i2.wp.com\/gentedearte.org.ar\/2020\/wp-content\/uploads\/Silos1-1024x565.jpeg\" data-amp-layout=\"responsive\"><\/a><\/figure><\/div><\/div><div class=\"tiled-gallery__row\"><div class=\"tiled-gallery__col\" style=\"flex-basis:43.92571%\"><figure class=\"tiled-gallery__item\"><a href=\"http:\/\/gentedearte.org.ar\/2020\/wp-content\/uploads\/silos1-1-1024x768.jpeg\"><img decoding=\"async\" alt=\"\" data-height=\"1920\" data-id=\"3122\" data-link=\"http:\/\/gentedearte.org.ar\/2020\/encuentros-orilla\/silos1-1\/\" data-url=\"http:\/\/gentedearte.org.ar\/2020\/wp-content\/uploads\/silos1-1-1024x768.jpeg\" data-width=\"2560\" src=\"https:\/\/i1.wp.com\/gentedearte.org.ar\/2020\/wp-content\/uploads\/silos1-1-1024x768.jpeg\" data-amp-layout=\"responsive\"><\/a><\/figure><figure class=\"tiled-gallery__item\"><a href=\"http:\/\/gentedearte.org.ar\/2020\/wp-content\/uploads\/mapping-avellaneda-entre-puentes-small.jpg\"><img decoding=\"async\" alt=\"\" data-height=\"532\" data-id=\"3123\" data-link=\"http:\/\/gentedearte.org.ar\/2020\/encuentros-orilla\/mapping-avellaneda-entre-puentes-small\/\" data-url=\"http:\/\/gentedearte.org.ar\/2020\/wp-content\/uploads\/mapping-avellaneda-entre-puentes-small.jpg\" data-width=\"1024\" src=\"https:\/\/i0.wp.com\/gentedearte.org.ar\/2020\/wp-content\/uploads\/mapping-avellaneda-entre-puentes-small.jpg\" data-amp-layout=\"responsive\"><\/a><\/figure><\/div><div class=\"tiled-gallery__col\" style=\"flex-basis:56.07429%\"><figure class=\"tiled-gallery__item\"><a href=\"http:\/\/gentedearte.org.ar\/2020\/wp-content\/uploads\/sebas9-ok-1024x1024.jpeg\"><img decoding=\"async\" alt=\"\" data-height=\"1600\" data-id=\"3124\" data-link=\"http:\/\/gentedearte.org.ar\/2020\/encuentros-orilla\/sebas9-ok\/\" data-url=\"http:\/\/gentedearte.org.ar\/2020\/wp-content\/uploads\/sebas9-ok-1024x1024.jpeg\" data-width=\"1600\" src=\"https:\/\/i1.wp.com\/gentedearte.org.ar\/2020\/wp-content\/uploads\/sebas9-ok-1024x1024.jpeg\" data-amp-layout=\"responsive\"><\/a><\/figure><\/div><\/div><div class=\"tiled-gallery__row\"><div class=\"tiled-gallery__col\" style=\"flex-basis:47.40543%\"><figure class=\"tiled-gallery__item\"><a href=\"http:\/\/gentedearte.org.ar\/2020\/wp-content\/uploads\/IMG_1462-1024x768.jpg\"><img decoding=\"async\" alt=\"\" data-height=\"1920\" data-id=\"3125\" data-link=\"http:\/\/gentedearte.org.ar\/2020\/encuentros-orilla\/img_1462\/\" data-url=\"http:\/\/gentedearte.org.ar\/2020\/wp-content\/uploads\/IMG_1462-1024x768.jpg\" data-width=\"2560\" src=\"https:\/\/i0.wp.com\/gentedearte.org.ar\/2020\/wp-content\/uploads\/IMG_1462-1024x768.jpg\" data-amp-layout=\"responsive\"><\/a><\/figure><\/div><div class=\"tiled-gallery__col\" style=\"flex-basis:26.70496%\"><figure class=\"tiled-gallery__item\"><a href=\"http:\/\/gentedearte.org.ar\/2020\/wp-content\/uploads\/entre-puentes-micros-768x1024.jpg\"><img decoding=\"async\" alt=\"\" data-height=\"2560\" data-id=\"3146\" data-link=\"http:\/\/gentedearte.org.ar\/2020\/encuentros-orilla\/entre-puentes-micros\/\" data-url=\"http:\/\/gentedearte.org.ar\/2020\/wp-content\/uploads\/entre-puentes-micros-768x1024.jpg\" data-width=\"1920\" src=\"https:\/\/i2.wp.com\/gentedearte.org.ar\/2020\/wp-content\/uploads\/entre-puentes-micros-768x1024.jpg\" data-amp-layout=\"responsive\"><\/a><\/figure><\/div><div class=\"tiled-gallery__col\" style=\"flex-basis:25.88960%\"><figure class=\"tiled-gallery__item\"><a href=\"http:\/\/gentedearte.org.ar\/2020\/wp-content\/uploads\/drone-nico-744x1024.jpg\"><img decoding=\"async\" alt=\"\" data-height=\"1458\" data-id=\"3149\" data-link=\"http:\/\/gentedearte.org.ar\/2020\/encuentros-orilla\/drone-nico\/\" data-url=\"http:\/\/gentedearte.org.ar\/2020\/wp-content\/uploads\/drone-nico-744x1024.jpg\" data-width=\"1060\" src=\"https:\/\/i0.wp.com\/gentedearte.org.ar\/2020\/wp-content\/uploads\/drone-nico-744x1024.jpg\" data-amp-layout=\"responsive\"><\/a><\/figure><\/div><\/div><\/div><\/div>\n\n\n\n<h5 class=\"wp-block-heading\">(Las im\u00e1genes no son libres, tiene derechos de sus autores y no pueden usarse sin autorizaci\u00f3n para otras cosas que no sean la promoci\u00f3n de este evento)<\/h5>\n\n\n\n<h3 class=\"wp-block-heading\">TEASER ( video flyer )<\/h3>\n\n\n\n<figure class=\"wp-block-embed is-type-video is-provider-youtube wp-block-embed-youtube wp-embed-aspect-16-9 wp-has-aspect-ratio\"><div class=\"wp-block-embed__wrapper\">\n<div class=\"ast-oembed-container \" style=\"height: 100%;\"><iframe title=\"Video mapping en los Silos para los Encuentros en la Orilla  22 ( Teaser )\" width=\"500\" height=\"281\" src=\"https:\/\/www.youtube.com\/embed\/Vthl3ZGH2M8?feature=oembed\" frameborder=\"0\" allow=\"accelerometer; autoplay; clipboard-write; encrypted-media; gyroscope; picture-in-picture; web-share\" referrerpolicy=\"strict-origin-when-cross-origin\" allowfullscreen><\/iframe><\/div>\n<\/div><\/figure>\n\n\n\n<div style=\"height:50px\" aria-hidden=\"true\" class=\"wp-block-spacer\"><\/div>\n\n\n\n<h2 class=\"wp-block-heading\">CRONOGRAMA DEL ENCUENTRO<\/h2>\n\n\n\n<ul class=\"wp-block-list\"><li>17 a 18:30 hs: <ul><li>Talleres de arte abierto: profesores y alumnos dictar\u00e1n sus talleres en forma gratuita<\/li><li>Inscripci\u00f3n de obras para el concurso<\/li><li>Musicalizan la Tarde: <ul><li><a href=\"https:\/\/soundcloud.com\/elmanglar\/sets\/live-sets\" target=\"_blank\" rel=\"noreferrer noopener\">DJ \u00abEl Manglar\u00bb <\/a><\/li><li><a href=\"https:\/\/soundcloud.com\/niclerner\" target=\"_blank\" rel=\"noreferrer noopener\">DJ \u00abNic Lerner\u00bb<\/a><\/li><\/ul><\/li><\/ul><\/li><li>18:30 a 19:15 hs<ul><li><a href=\"https:\/\/www.instagram.com\/tribal.exe_band\/\" target=\"_blank\" rel=\"noreferrer noopener\">TRIBAL.EXE <\/a>( Percusi\u00f3n con se\u00f1as + DJ )<\/li><\/ul><\/li><li>19:30 a 20:00 hs<ul><li><a href=\"https:\/\/www.instagram.com\/d.o.c.oficial\/\" target=\"_blank\" rel=\"noreferrer noopener\">D.O.C.<\/a> ( Banda ) <\/li><\/ul><\/li><li>20:10 a 20:20 hs<ul><li><a href=\"https:\/\/www.facebook.com\/museodeespecies\" target=\"_blank\" rel=\"noreferrer noopener\">Museo de Especies<\/a> : <a href=\"https:\/\/www.instagram.com\/cellocaruso\/\" target=\"_blank\" rel=\"noreferrer noopener\">Marcelo Angelo Caruso<\/a> + <a href=\"https:\/\/clanbalache.bandcamp.com\/\" target=\"_blank\" rel=\"noreferrer noopener\">Clan Balache<\/a> ( Poes\u00eda y m\u00fasica )<\/li><\/ul><\/li><li>20:30 a 21 hs<ul><li><a href=\"http:\/\/germangomez.com.ar\/web\/puentes\/\" target=\"_blank\" rel=\"noreferrer noopener\">\u00abEntre Puentes\u00bb<\/a> por <a href=\"http:\/\/germangomez.com.ar\/\" target=\"_blank\" rel=\"noreferrer noopener\">G\/MZ<\/a> Performance Audiovisual en vivo proyectada en los silos, con material grabado en la zona de la cuenca del riachuelo, m\u00e1s informaci\u00f3n en: <a href=\"http:\/\/germangomez.com.ar\/web\/puentes\/\" target=\"_blank\" rel=\"noreferrer noopener\">GermanGomez.com.ar\/web\/puentes\/<\/a><\/li><\/ul><\/li><\/ul>\n\n\n\n<div style=\"height:50px\" aria-hidden=\"true\" class=\"wp-block-spacer\"><\/div>\n\n\n\n<h3 class=\"wp-block-heading\">BASES Y CONDICIONES DEL CONCURSO \u00abCRUCE DE ARTES\u00bb<\/h3>\n\n\n\n<p>Se recibir\u00e1n obras de distintas disciplinas:  <\/p>\n\n\n\n<ul class=\"wp-block-list\"><li>Arte tradicional ( pintura, fotograf\u00eda,.. ) <\/li><li>Artes electr\u00f3nicas ( audiovisuales, arte digital, fotograf\u00eda digital, filmaciones con drones, instalaciones )<\/li><li>Arte de nuevos medios ( arte ambiental, land art, bio arte, etc )<\/li><\/ul>\n\n\n\n<p>Solo se aceptan obras comenzadas en el lugar, durante el d\u00eda del evento ( pueden terminarse luego ). Solicitar all\u00ed mismo anotarse para participar o aqu\u00ed en el form al final de esta p\u00e1gina.<\/p>\n\n\n\n<p><br>La selecci\u00f3n y premiaci\u00f3n ser\u00e1 en Diciembre ( fecha a confirmar ) en la sede de Gente de Arte de Avellaneda ( Alsina 234, Avellaneda ).<\/p>\n\n\n\n<p><br>La tem\u00e1tica es libre, pero deber\u00e1 estar relacionada a la zona ( paisajes de la cuenca del Riachuelo, etc ) o referida a las ideas o conceptos descriptas en \u00ab<a href=\"http:\/\/germangomez.com.ar\/web\/puentes\/\" target=\"_blank\" rel=\"noreferrer noopener\">Entre Puentes<\/a>\u00ab<\/p>\n\n\n\n<div data-wp-interactive=\"core\/file\" class=\"wp-block-file\"><object data-wp-bind--hidden=\"!state.hasPdfPreview\" hidden class=\"wp-block-file__embed\" data=\"http:\/\/gentedearte.org.ar\/2020\/wp-content\/uploads\/Bases-concurso-orilla-2022-v2..pdf\" type=\"application\/pdf\" style=\"width:100%;height:600px\" aria-label=\"Incrustado de Incrustado de Bases-concurso-orilla-2022-v2...\"><\/object><a id=\"wp-block-file--media-e2bc5368-5323-41f2-bcf8-e7ff746a82e5\" href=\"http:\/\/gentedearte.org.ar\/2020\/wp-content\/uploads\/Bases-concurso-orilla-2022-v2..pdf\">Bases-concurso-orilla-2022-v2.<\/a><a href=\"http:\/\/gentedearte.org.ar\/2020\/wp-content\/uploads\/Bases-concurso-orilla-2022-v2..pdf\" class=\"wp-block-file__button\" download aria-describedby=\"wp-block-file--media-e2bc5368-5323-41f2-bcf8-e7ff746a82e5\">Descarga<\/a><\/div>\n\n\n\n<div style=\"height:50px\" aria-hidden=\"true\" class=\"wp-block-spacer\"><\/div>\n\n\n\n<h3 class=\"wp-block-heading\">APOYOS<\/h3>\n\n\n\n<p>Este evento se puede realizar gracias al apoyo de :<\/p>\n\n\n\n<ul class=\"wp-block-list\"><li><a href=\"https:\/\/inamu.musica.ar\/\" target=\"_blank\" rel=\"noreferrer noopener\">INAMU<\/a>: Instituo Nacional de la M\u00fasica <\/li><li><a href=\"https:\/\/www.mda.gob.ar\/gobierno\/jefatura-de-gabinete-de-secretarios\/subsecretaria-de-cultura-y-promocion-de-las-artes\/\" target=\"_blank\" rel=\"noreferrer noopener\">Secretar\u00eda de Cultura de Avellaneda<\/a><\/li><li><a href=\"https:\/\/www.acumar.gob.ar\/\" target=\"_blank\" rel=\"noreferrer noopener\">ACUMAR<\/a>: Autoridad de la cuenca del Riachuelo<\/li><li><a href=\"http:\/\/www.silosareneros.com.ar\/\" target=\"_blank\" rel=\"noreferrer noopener\">Arenera Pueyrred\u00f3n<\/a><\/li><li><a href=\"https:\/\/ambartlab.com.ar\/\" target=\"_blank\" rel=\"noreferrer noopener\">Amb.Art<\/a>: Comunidad de Arte y Medio Ambiente<\/li><li><a href=\"http:\/\/lhymo.com\/\" target=\"_blank\" rel=\"noreferrer noopener\">Lhymo Labs<\/a>: Laboratorio de Medios<\/li><\/ul>\n\n\n\n<div class=\"wp-block-columns is-layout-flex wp-container-core-columns-is-layout-28f84493 wp-block-columns-is-layout-flex\">\n<div class=\"wp-block-column is-layout-flow wp-block-column-is-layout-flow\">\n<figure class=\"wp-block-image size-large\"><img fetchpriority=\"high\" decoding=\"async\" width=\"1024\" height=\"524\" src=\"http:\/\/gentedearte.org.ar\/2020\/wp-content\/uploads\/logo-inamu-1024x524.jpg\" alt=\"\" class=\"wp-image-3027\" srcset=\"http:\/\/gentedearte.org.ar\/2020\/wp-content\/uploads\/\/logo-inamu-1024x524.jpg 1024w, http:\/\/gentedearte.org.ar\/2020\/wp-content\/uploads\/\/logo-inamu-300x154.jpg 300w, http:\/\/gentedearte.org.ar\/2020\/wp-content\/uploads\/\/logo-inamu-768x393.jpg 768w, http:\/\/gentedearte.org.ar\/2020\/wp-content\/uploads\/\/logo-inamu-600x307.jpg 600w, http:\/\/gentedearte.org.ar\/2020\/wp-content\/uploads\/\/logo-inamu.jpg 1258w\" sizes=\"(max-width: 1024px) 100vw, 1024px\" \/><\/figure>\n<\/div>\n\n\n\n<div class=\"wp-block-column is-layout-flow wp-block-column-is-layout-flow\">\n<figure class=\"wp-block-image size-large\"><img decoding=\"async\" width=\"1024\" height=\"348\" src=\"http:\/\/gentedearte.org.ar\/2020\/wp-content\/uploads\/logo-cultura-avellaneda-1024x348.png\" alt=\"\" class=\"wp-image-3030\" srcset=\"http:\/\/gentedearte.org.ar\/2020\/wp-content\/uploads\/\/logo-cultura-avellaneda-1024x348.png 1024w, http:\/\/gentedearte.org.ar\/2020\/wp-content\/uploads\/\/logo-cultura-avellaneda-300x102.png 300w, http:\/\/gentedearte.org.ar\/2020\/wp-content\/uploads\/\/logo-cultura-avellaneda-768x261.png 768w, http:\/\/gentedearte.org.ar\/2020\/wp-content\/uploads\/\/logo-cultura-avellaneda-600x204.png 600w, http:\/\/gentedearte.org.ar\/2020\/wp-content\/uploads\/\/logo-cultura-avellaneda.png 1442w\" sizes=\"(max-width: 1024px) 100vw, 1024px\" \/><\/figure>\n<\/div>\n\n\n\n<div class=\"wp-block-column is-layout-flow wp-block-column-is-layout-flow\">\n<figure class=\"wp-block-image size-large\"><img decoding=\"async\" width=\"1024\" height=\"292\" src=\"http:\/\/gentedearte.org.ar\/2020\/wp-content\/uploads\/LOGO-ACUMAR-VARIABLES-CMYK-03-1-1024x292.png\" alt=\"\" class=\"wp-image-3029\" srcset=\"http:\/\/gentedearte.org.ar\/2020\/wp-content\/uploads\/\/LOGO-ACUMAR-VARIABLES-CMYK-03-1-1024x292.png 1024w, http:\/\/gentedearte.org.ar\/2020\/wp-content\/uploads\/\/LOGO-ACUMAR-VARIABLES-CMYK-03-1-300x86.png 300w, http:\/\/gentedearte.org.ar\/2020\/wp-content\/uploads\/\/LOGO-ACUMAR-VARIABLES-CMYK-03-1-768x219.png 768w, http:\/\/gentedearte.org.ar\/2020\/wp-content\/uploads\/\/LOGO-ACUMAR-VARIABLES-CMYK-03-1-600x171.png 600w, http:\/\/gentedearte.org.ar\/2020\/wp-content\/uploads\/\/LOGO-ACUMAR-VARIABLES-CMYK-03-1.png 1375w\" sizes=\"(max-width: 1024px) 100vw, 1024px\" \/><\/figure>\n<\/div>\n\n\n\n<div class=\"wp-block-column is-layout-flow wp-block-column-is-layout-flow\">\n<figure class=\"wp-block-image size-large is-resized\"><img loading=\"lazy\" decoding=\"async\" src=\"http:\/\/gentedearte.org.ar\/2020\/wp-content\/uploads\/Arenera-Pueyrredon-logo1-1-1024x342.jpeg\" alt=\"\" class=\"wp-image-3028\" width=\"205\" height=\"68\" srcset=\"http:\/\/gentedearte.org.ar\/2020\/wp-content\/uploads\/\/Arenera-Pueyrredon-logo1-1-1024x342.jpeg 1024w, http:\/\/gentedearte.org.ar\/2020\/wp-content\/uploads\/\/Arenera-Pueyrredon-logo1-1-300x100.jpeg 300w, http:\/\/gentedearte.org.ar\/2020\/wp-content\/uploads\/\/Arenera-Pueyrredon-logo1-1-768x256.jpeg 768w, http:\/\/gentedearte.org.ar\/2020\/wp-content\/uploads\/\/Arenera-Pueyrredon-logo1-1-1536x513.jpeg 1536w, http:\/\/gentedearte.org.ar\/2020\/wp-content\/uploads\/\/Arenera-Pueyrredon-logo1-1-600x200.jpeg 600w, http:\/\/gentedearte.org.ar\/2020\/wp-content\/uploads\/\/Arenera-Pueyrredon-logo1-1.jpeg 1600w\" sizes=\"(max-width: 205px) 100vw, 205px\" \/><\/figure>\n<\/div>\n\n\n\n<div class=\"wp-block-column is-layout-flow wp-block-column-is-layout-flow\">\n<figure class=\"wp-block-image size-large is-resized\"><img loading=\"lazy\" decoding=\"async\" src=\"http:\/\/gentedearte.org.ar\/2020\/wp-content\/uploads\/logo-AmbArt-2021-3e-1024x1024.png\" alt=\"\" class=\"wp-image-3031\" width=\"77\" height=\"77\" srcset=\"http:\/\/gentedearte.org.ar\/2020\/wp-content\/uploads\/\/logo-AmbArt-2021-3e-1024x1024.png 1024w, http:\/\/gentedearte.org.ar\/2020\/wp-content\/uploads\/\/logo-AmbArt-2021-3e-300x300.png 300w, http:\/\/gentedearte.org.ar\/2020\/wp-content\/uploads\/\/logo-AmbArt-2021-3e-150x150.png 150w, http:\/\/gentedearte.org.ar\/2020\/wp-content\/uploads\/\/logo-AmbArt-2021-3e-768x768.png 768w, http:\/\/gentedearte.org.ar\/2020\/wp-content\/uploads\/\/logo-AmbArt-2021-3e-600x600.png 600w, http:\/\/gentedearte.org.ar\/2020\/wp-content\/uploads\/\/logo-AmbArt-2021-3e-100x100.png 100w, http:\/\/gentedearte.org.ar\/2020\/wp-content\/uploads\/\/logo-AmbArt-2021-3e.png 1412w\" sizes=\"(max-width: 77px) 100vw, 77px\" \/><\/figure>\n<\/div>\n<\/div>\n\n\n\n<div style=\"height:50px\" aria-hidden=\"true\" class=\"wp-block-spacer\"><\/div>\n\n\n\n<h2 class=\"wp-block-heading\">IMAGENES DEL ENCUENTRO<\/h2>\n\n\n\n<div class=\"wp-block-jetpack-tiled-gallery aligncenter is-style-rectangular\"><div class=\"tiled-gallery__gallery\"><div class=\"tiled-gallery__row\"><div class=\"tiled-gallery__col\" style=\"flex-basis:65.47526%\"><figure class=\"tiled-gallery__item\"><img decoding=\"async\" alt=\"\" data-height=\"1200\" data-id=\"3154\" data-link=\"http:\/\/gentedearte.org.ar\/2020\/encuentros-orilla\/croquis\/\" data-url=\"http:\/\/gentedearte.org.ar\/2020\/wp-content\/uploads\/Croquis-1024x768.jpeg\" data-width=\"1600\" src=\"https:\/\/i1.wp.com\/gentedearte.org.ar\/2020\/wp-content\/uploads\/Croquis-1024x768.jpeg\" data-amp-layout=\"responsive\"><\/figure><\/div><div class=\"tiled-gallery__col\" style=\"flex-basis:34.52474%\"><figure class=\"tiled-gallery__item\"><img decoding=\"async\" alt=\"\" data-height=\"853\" data-id=\"3152\" data-link=\"http:\/\/gentedearte.org.ar\/2020\/encuentros-orilla\/abrazo\/\" data-url=\"http:\/\/gentedearte.org.ar\/2020\/wp-content\/uploads\/abrazo-1024x682.jpeg\" data-width=\"1280\" src=\"https:\/\/i2.wp.com\/gentedearte.org.ar\/2020\/wp-content\/uploads\/abrazo-1024x682.jpeg\" data-amp-layout=\"responsive\"><\/figure><figure class=\"tiled-gallery__item\"><img decoding=\"async\" alt=\"\" data-height=\"960\" data-id=\"3153\" data-link=\"http:\/\/gentedearte.org.ar\/2020\/encuentros-orilla\/corquis3\/\" data-url=\"http:\/\/gentedearte.org.ar\/2020\/wp-content\/uploads\/corquis3-1024x768.jpeg\" data-width=\"1280\" src=\"https:\/\/i1.wp.com\/gentedearte.org.ar\/2020\/wp-content\/uploads\/corquis3-1024x768.jpeg\" data-amp-layout=\"responsive\"><\/figure><\/div><\/div><div class=\"tiled-gallery__row\"><div class=\"tiled-gallery__col\" style=\"flex-basis:33.33333%\"><figure class=\"tiled-gallery__item\"><img decoding=\"async\" alt=\"\" data-height=\"853\" data-id=\"3156\" data-link=\"http:\/\/gentedearte.org.ar\/2020\/encuentros-orilla\/dibujo1\/\" data-url=\"http:\/\/gentedearte.org.ar\/2020\/wp-content\/uploads\/dibujo1-1024x682.jpeg\" data-width=\"1280\" src=\"https:\/\/i0.wp.com\/gentedearte.org.ar\/2020\/wp-content\/uploads\/dibujo1-1024x682.jpeg\" data-amp-layout=\"responsive\"><\/figure><\/div><div class=\"tiled-gallery__col\" style=\"flex-basis:33.33333%\"><figure class=\"tiled-gallery__item\"><img decoding=\"async\" alt=\"\" data-height=\"853\" data-id=\"3157\" data-link=\"http:\/\/gentedearte.org.ar\/2020\/encuentros-orilla\/elsa\/\" data-url=\"http:\/\/gentedearte.org.ar\/2020\/wp-content\/uploads\/elsa-1024x682.jpeg\" data-width=\"1280\" src=\"https:\/\/i2.wp.com\/gentedearte.org.ar\/2020\/wp-content\/uploads\/elsa-1024x682.jpeg\" data-amp-layout=\"responsive\"><\/figure><\/div><div class=\"tiled-gallery__col\" style=\"flex-basis:33.33333%\"><figure class=\"tiled-gallery__item\"><img decoding=\"async\" alt=\"\" data-height=\"853\" data-id=\"3158\" data-link=\"http:\/\/gentedearte.org.ar\/2020\/encuentros-orilla\/murales\/\" data-url=\"http:\/\/gentedearte.org.ar\/2020\/wp-content\/uploads\/murales-1024x682.jpeg\" data-width=\"1280\" src=\"https:\/\/i0.wp.com\/gentedearte.org.ar\/2020\/wp-content\/uploads\/murales-1024x682.jpeg\" data-amp-layout=\"responsive\"><\/figure><\/div><\/div><div class=\"tiled-gallery__row\"><div class=\"tiled-gallery__col\" style=\"flex-basis:47.27178%\"><figure class=\"tiled-gallery__item\"><img decoding=\"async\" alt=\"\" data-height=\"853\" data-id=\"3160\" data-link=\"http:\/\/gentedearte.org.ar\/2020\/encuentros-orilla\/nic1\/\" data-url=\"http:\/\/gentedearte.org.ar\/2020\/wp-content\/uploads\/nic1-1024x682.jpeg\" data-width=\"1280\" src=\"https:\/\/i0.wp.com\/gentedearte.org.ar\/2020\/wp-content\/uploads\/nic1-1024x682.jpeg\" data-amp-layout=\"responsive\"><\/figure><figure class=\"tiled-gallery__item\"><img decoding=\"async\" alt=\"\" data-height=\"1280\" data-id=\"3166\" data-link=\"http:\/\/gentedearte.org.ar\/2020\/encuentros-orilla\/proyecciones\/\" data-url=\"http:\/\/gentedearte.org.ar\/2020\/wp-content\/uploads\/proyecciones-1024x1024.jpeg\" data-width=\"1280\" src=\"https:\/\/i0.wp.com\/gentedearte.org.ar\/2020\/wp-content\/uploads\/proyecciones-1024x1024.jpeg\" data-amp-layout=\"responsive\"><\/figure><\/div><div class=\"tiled-gallery__col\" style=\"flex-basis:52.72822%\"><figure class=\"tiled-gallery__item\"><img decoding=\"async\" alt=\"\" data-height=\"1280\" data-id=\"3162\" data-link=\"http:\/\/gentedearte.org.ar\/2020\/encuentros-orilla\/nora\/\" data-url=\"http:\/\/gentedearte.org.ar\/2020\/wp-content\/uploads\/nora-682x1024.jpeg\" data-width=\"853\" src=\"https:\/\/i0.wp.com\/gentedearte.org.ar\/2020\/wp-content\/uploads\/nora-682x1024.jpeg\" data-amp-layout=\"responsive\"><\/figure><\/div><\/div><div class=\"tiled-gallery__row\"><div class=\"tiled-gallery__col\" style=\"flex-basis:50.00000%\"><figure class=\"tiled-gallery__item\"><img decoding=\"async\" alt=\"\" data-height=\"853\" data-id=\"3164\" data-link=\"http:\/\/gentedearte.org.ar\/2020\/encuentros-orilla\/pintando\/\" data-url=\"http:\/\/gentedearte.org.ar\/2020\/wp-content\/uploads\/pintando-1024x682.jpeg\" data-width=\"1280\" src=\"https:\/\/i1.wp.com\/gentedearte.org.ar\/2020\/wp-content\/uploads\/pintando-1024x682.jpeg\" data-amp-layout=\"responsive\"><\/figure><\/div><div class=\"tiled-gallery__col\" style=\"flex-basis:50.00000%\"><figure class=\"tiled-gallery__item\"><img decoding=\"async\" alt=\"\" data-height=\"853\" data-id=\"3165\" data-link=\"http:\/\/gentedearte.org.ar\/2020\/encuentros-orilla\/pintando2\/\" data-url=\"http:\/\/gentedearte.org.ar\/2020\/wp-content\/uploads\/pintando2-1024x682.jpeg\" data-width=\"1280\" src=\"https:\/\/i2.wp.com\/gentedearte.org.ar\/2020\/wp-content\/uploads\/pintando2-1024x682.jpeg\" data-amp-layout=\"responsive\"><\/figure><\/div><\/div><div class=\"tiled-gallery__row\"><div class=\"tiled-gallery__col\" style=\"flex-basis:57.25994%\"><figure class=\"tiled-gallery__item\"><img decoding=\"async\" alt=\"\" data-height=\"1280\" data-id=\"3167\" data-link=\"http:\/\/gentedearte.org.ar\/2020\/encuentros-orilla\/proyecciones2\/\" data-url=\"http:\/\/gentedearte.org.ar\/2020\/wp-content\/uploads\/proyecciones2-1024x1024.jpeg\" data-width=\"1280\" src=\"https:\/\/i0.wp.com\/gentedearte.org.ar\/2020\/wp-content\/uploads\/proyecciones2-1024x1024.jpeg\" data-amp-layout=\"responsive\"><\/figure><\/div><div class=\"tiled-gallery__col\" style=\"flex-basis:42.74006%\"><figure class=\"tiled-gallery__item\"><img decoding=\"async\" alt=\"\" data-height=\"853\" data-id=\"3168\" data-link=\"http:\/\/gentedearte.org.ar\/2020\/encuentros-orilla\/saludos\/\" data-url=\"http:\/\/gentedearte.org.ar\/2020\/wp-content\/uploads\/saludos-1024x682.jpeg\" data-width=\"1280\" src=\"https:\/\/i2.wp.com\/gentedearte.org.ar\/2020\/wp-content\/uploads\/saludos-1024x682.jpeg\" data-amp-layout=\"responsive\"><\/figure><figure class=\"tiled-gallery__item\"><img decoding=\"async\" alt=\"\" data-height=\"853\" data-id=\"3169\" data-link=\"http:\/\/gentedearte.org.ar\/2020\/encuentros-orilla\/tarde\/\" data-url=\"http:\/\/gentedearte.org.ar\/2020\/wp-content\/uploads\/tarde-1024x682.jpeg\" data-width=\"1280\" src=\"https:\/\/i1.wp.com\/gentedearte.org.ar\/2020\/wp-content\/uploads\/tarde-1024x682.jpeg\" data-amp-layout=\"responsive\"><\/figure><\/div><\/div><div class=\"tiled-gallery__row\"><div class=\"tiled-gallery__col\" style=\"flex-basis:52.94290%\"><figure class=\"tiled-gallery__item\"><img decoding=\"async\" alt=\"\" data-height=\"853\" data-id=\"3170\" data-link=\"http:\/\/gentedearte.org.ar\/2020\/encuentros-orilla\/vitro-2\/\" data-url=\"http:\/\/gentedearte.org.ar\/2020\/wp-content\/uploads\/vitro-1024x682.jpeg\" data-width=\"1280\" src=\"https:\/\/i0.wp.com\/gentedearte.org.ar\/2020\/wp-content\/uploads\/vitro-1024x682.jpeg\" data-amp-layout=\"responsive\"><\/figure><\/div><div class=\"tiled-gallery__col\" style=\"flex-basis:47.05710%\"><figure class=\"tiled-gallery__item\"><img decoding=\"async\" alt=\"\" data-height=\"960\" data-id=\"3171\" data-link=\"http:\/\/gentedearte.org.ar\/2020\/encuentros-orilla\/vitro2\/\" data-url=\"http:\/\/gentedearte.org.ar\/2020\/wp-content\/uploads\/vitro2-1024x768.jpeg\" data-width=\"1280\" src=\"https:\/\/i0.wp.com\/gentedearte.org.ar\/2020\/wp-content\/uploads\/vitro2-1024x768.jpeg\" data-amp-layout=\"responsive\"><\/figure><\/div><\/div><\/div><\/div>\n\n\n\n<h3 class=\"wp-block-heading\">HISTORIA DEL CONCURSO DE MANCHAS EN LA RIBERA<\/h3>\n\n\n\n<p>Desde sus inicios  la Asociaci\u00f3n Gente de Arte organiza concursos y acciones de arte en la v\u00eda p\u00fablica con el fin de promover el arte y la cultura,  ayudando a dar a conocer la obra de artistas y alumnos.<\/p>\n\n\n\n<div class=\"wp-block-jetpack-tiled-gallery aligncenter is-style-rectangular\"><div class=\"tiled-gallery__gallery\"><div class=\"tiled-gallery__row\"><div class=\"tiled-gallery__col\" style=\"flex-basis:66.75347%\"><figure class=\"tiled-gallery__item\"><a href=\"http:\/\/gentedearte.org.ar\/2020\/wp-content\/uploads\/GenteDeArte-Concurso-Manchas-1950-1024x768.jpeg\"><img decoding=\"async\" alt=\"Concurso de Manchas en Avellaneda 1950 por Gente de Arte\" data-height=\"1920\" data-id=\"2925\" data-link=\"http:\/\/gentedearte.org.ar\/2020\/encuentros-orilla\/gentedearte-concurso-manchas-1950\/\" data-url=\"http:\/\/gentedearte.org.ar\/2020\/wp-content\/uploads\/GenteDeArte-Concurso-Manchas-1950-1024x768.jpeg\" data-width=\"2560\" src=\"https:\/\/i0.wp.com\/gentedearte.org.ar\/2020\/wp-content\/uploads\/GenteDeArte-Concurso-Manchas-1950-1024x768.jpeg\" data-amp-layout=\"responsive\"><\/a><\/figure><\/div><div class=\"tiled-gallery__col\" style=\"flex-basis:33.24653%\"><figure class=\"tiled-gallery__item\"><a href=\"http:\/\/gentedearte.org.ar\/2020\/wp-content\/uploads\/GenteDeArte-Concurso-de-Manchas-1950-2-1024x768.jpeg\"><img decoding=\"async\" alt=\"\" data-height=\"1920\" data-id=\"2926\" data-link=\"http:\/\/gentedearte.org.ar\/2020\/encuentros-orilla\/gentedearte-concurso-de-manchas-1950-2\/\" data-url=\"http:\/\/gentedearte.org.ar\/2020\/wp-content\/uploads\/GenteDeArte-Concurso-de-Manchas-1950-2-1024x768.jpeg\" data-width=\"2560\" src=\"https:\/\/i0.wp.com\/gentedearte.org.ar\/2020\/wp-content\/uploads\/GenteDeArte-Concurso-de-Manchas-1950-2-1024x768.jpeg\" data-amp-layout=\"responsive\"><\/a><\/figure><figure class=\"tiled-gallery__item\"><a href=\"http:\/\/gentedearte.org.ar\/2020\/wp-content\/uploads\/GenteDeArte-Concurso-de-Manchas-1952-1024x768.jpeg\"><img decoding=\"async\" alt=\"\" data-height=\"1920\" data-id=\"2927\" data-link=\"http:\/\/gentedearte.org.ar\/2020\/encuentros-orilla\/gentedearte-concurso-de-manchas-1952\/\" data-url=\"http:\/\/gentedearte.org.ar\/2020\/wp-content\/uploads\/GenteDeArte-Concurso-de-Manchas-1952-1024x768.jpeg\" data-width=\"2560\" src=\"https:\/\/i2.wp.com\/gentedearte.org.ar\/2020\/wp-content\/uploads\/GenteDeArte-Concurso-de-Manchas-1952-1024x768.jpeg\" data-amp-layout=\"responsive\"><\/a><\/figure><\/div><\/div><div class=\"tiled-gallery__row\"><div class=\"tiled-gallery__col\" style=\"flex-basis:50.00000%\"><figure class=\"tiled-gallery__item\"><a href=\"http:\/\/gentedearte.org.ar\/2020\/wp-content\/uploads\/Gente-de-Arte-Concurso-de-Manchas-1950-3-1024x768.jpeg\"><img decoding=\"async\" alt=\"\" data-height=\"1920\" data-id=\"2928\" data-link=\"http:\/\/gentedearte.org.ar\/2020\/encuentros-orilla\/gente-de-arte-concurso-de-manchas-1950-3\/\" data-url=\"http:\/\/gentedearte.org.ar\/2020\/wp-content\/uploads\/Gente-de-Arte-Concurso-de-Manchas-1950-3-1024x768.jpeg\" data-width=\"2560\" src=\"https:\/\/i0.wp.com\/gentedearte.org.ar\/2020\/wp-content\/uploads\/Gente-de-Arte-Concurso-de-Manchas-1950-3-1024x768.jpeg\" data-amp-layout=\"responsive\"><\/a><\/figure><\/div><div class=\"tiled-gallery__col\" style=\"flex-basis:50.00000%\"><figure class=\"tiled-gallery__item\"><a href=\"http:\/\/gentedearte.org.ar\/2020\/wp-content\/uploads\/Avellaneda-Gente-de-Arte-Concurso-de-Manchas-1949-1024x768.jpeg\"><img decoding=\"async\" alt=\"\" data-height=\"1920\" data-id=\"2929\" data-link=\"http:\/\/gentedearte.org.ar\/2020\/encuentros-orilla\/avellaneda-gente-de-arte-concurso-de-manchas-1949\/\" data-url=\"http:\/\/gentedearte.org.ar\/2020\/wp-content\/uploads\/Avellaneda-Gente-de-Arte-Concurso-de-Manchas-1949-1024x768.jpeg\" data-width=\"2560\" src=\"https:\/\/i2.wp.com\/gentedearte.org.ar\/2020\/wp-content\/uploads\/Avellaneda-Gente-de-Arte-Concurso-de-Manchas-1949-1024x768.jpeg\" data-amp-layout=\"responsive\"><\/a><\/figure><\/div><\/div><\/div><\/div>\n\n\n\n<div style=\"height:50px\" aria-hidden=\"true\" class=\"wp-block-spacer\"><\/div>\n\n\n\n<h3 class=\"wp-block-heading\">PARA INSCRIBIRSE EN EL CONCURSO O CONSULTAR SOBRE EL EVENTO<\/h3>\n\n\n\n<div class=\"wp-block-uagb-forms uagb-forms__outer-wrap uagb-block-d9477aa6 uagb-forms__medium-btn\"><form class=\"uagb-forms-main-form\" method=\"post\" autocomplete=\"on\" name=\"uagb-form-d9477aa6\">\n\n<div class=\"wp-block-uagb-forms-name uagb-forms-name-wrap uagb-forms-field-set uagb-block-1f46b7ac\"><div class=\"uagb-forms-name-label obligatorio uagb-forms-input-label\" id=\"1f46b7ac\">Nombre<\/div><input type=\"text\" placeholder=\"Juan\" required=\"\" class=\"uagb-forms-name-input uagb-forms-input\" name=\"1f46b7ac\" autocomplete=\"given-name\"><\/div>\n\n\n<div class=\"wp-block-uagb-forms-name uagb-forms-name-wrap uagb-forms-field-set uagb-block-a91de8a6\"><div class=\"uagb-forms-name-label obligatorio uagb-forms-input-label\" id=\"a91de8a6\">Apellidos<\/div><input type=\"text\" placeholder=\"P\u00e9rez\" required=\"\" class=\"uagb-forms-name-input uagb-forms-input\" name=\"a91de8a6\" autocomplete=\"family-name\"><\/div>\n\n\n<div class=\"wp-block-uagb-forms-email uagb-forms-email-wrap uagb-forms-field-set uagb-block-00ea6ba0\"><div class=\"uagb-forms-email-label  uagb-forms-input-label\" id=\"00ea6ba0\">Correo electr\u00f3nico<\/div><input type=\"email\" class=\"uagb-forms-email-input uagb-forms-input\" placeholder=\"ejemplo@correo.es\" name=\"00ea6ba0\" autocomplete=\"email\"><\/div>\n\n\n<div class=\"wp-block-uagb-forms-textarea uagb-forms-textarea-wrap uagb-forms-field-set uagb-block-406e9fe8\"><div class=\"uagb-forms-textarea-label obligatorio uagb-forms-input-label\" id=\"406e9fe8\">Mensaje<\/div><textarea required=\"\" class=\"uagb-forms-textarea-input uagb-forms-input\" rows=\"4\" placeholder=\"Introduce tu mensaje\" name=\"406e9fe8\" autocomplete=\"off\"><\/textarea><\/div>\n\n<div class=\"uagb-forms-form-hidden-data\"><input type=\"hidden\" class=\"uagb_forms_form_label\" value=\"Formulario Spectra\"><input type=\"hidden\" class=\"uagb_forms_form_id\" value=\"uagb-form-d9477aa6\"><\/div><div class=\"uagb-form-reacaptcha-error-d9477aa6\"><\/div><div class=\"uagb-forms-main-submit-button-wrap wp-block-button\"><button class=\"uagb-forms-main-submit-button wp-block-button__link\"><div class=\"uagb-forms-main-submit-button-text\">Enviar<\/div><\/button><\/div><\/form><div class=\"uagb-forms-success-message-d9477aa6 uagb-forms-submit-message-hide\"><span>\u00a1El formulario ha sido enviado correctamente!<\/span><\/div><div class=\"uagb-forms-failed-message-d9477aa6 uagb-forms-submit-message-hide\"><span>Ha ocurrido alg\u00fan error al enviar el formulario. Por favor, revisa de nuevo todos los campos.<\/span><\/div><\/div>\n\n\n\n<div style=\"height:50px\" aria-hidden=\"true\" class=\"wp-block-spacer\"><\/div>\n\n\n\n<h3 class=\"wp-block-heading\">AGRADECIMIENTOS<\/h3>\n\n\n\n<ul class=\"wp-block-list\"><li><strong>Seguridad<\/strong> <strong>e iluminaci\u00f3n<\/strong>: Secretar\u00eda de Cultura de Avellaneda: Federico Bonaldi<\/li><li><strong>Producci\u00f3n T\u00e9cnica<\/strong> : Pablo G\u00f3mez y <a href=\"http:\/\/lhymo.com\/\" target=\"_blank\" rel=\"noreferrer noopener\">Lhymo.com<\/a><\/li><li><strong>Filmaci\u00f3n drones<\/strong>: <a href=\"http:\/\/d2v.com.ar\" target=\"_blank\" rel=\"noreferrer noopener\">D2V.com.ar<\/a> y Nico Mu\u00f1oz<\/li><li><strong>Idea y direcci\u00f3n grl<\/strong> : Diego G\u00f3mez<\/li><\/ul>\n\n\n\n<div style=\"height:50px\" aria-hidden=\"true\" class=\"wp-block-spacer\"><\/div>\n\n\n\n<h3 class=\"has-text-align-left wp-block-heading\">COMPARTIR EN TUS REDES<\/h3>\n\n\n\n<p>( Para descargar los flyers , has click derecho sobre la imagen, guardar imagen como )<\/p>\n\n\n\n<div class=\"wp-block-columns is-layout-flex wp-container-core-columns-is-layout-28f84493 wp-block-columns-is-layout-flex\">\n<div class=\"wp-block-column is-layout-flow wp-block-column-is-layout-flow\">\n<figure class=\"wp-block-image size-large\"><img loading=\"lazy\" decoding=\"async\" width=\"1024\" height=\"1024\" src=\"http:\/\/gentedearte.org.ar\/2020\/wp-content\/uploads\/Orillas-GDA-IG-1x1-v2-1024x1024.jpg\" alt=\"\" class=\"wp-image-3063\" srcset=\"http:\/\/gentedearte.org.ar\/2020\/wp-content\/uploads\/\/Orillas-GDA-IG-1x1-v2-1024x1024.jpg 1024w, http:\/\/gentedearte.org.ar\/2020\/wp-content\/uploads\/\/Orillas-GDA-IG-1x1-v2-300x300.jpg 300w, http:\/\/gentedearte.org.ar\/2020\/wp-content\/uploads\/\/Orillas-GDA-IG-1x1-v2-150x150.jpg 150w, http:\/\/gentedearte.org.ar\/2020\/wp-content\/uploads\/\/Orillas-GDA-IG-1x1-v2-768x768.jpg 768w, http:\/\/gentedearte.org.ar\/2020\/wp-content\/uploads\/\/Orillas-GDA-IG-1x1-v2-600x600.jpg 600w, http:\/\/gentedearte.org.ar\/2020\/wp-content\/uploads\/\/Orillas-GDA-IG-1x1-v2-100x100.jpg 100w, http:\/\/gentedearte.org.ar\/2020\/wp-content\/uploads\/\/Orillas-GDA-IG-1x1-v2.jpg 1080w\" sizes=\"(max-width: 1024px) 100vw, 1024px\" \/><figcaption>Flyer para Instagram &#8211; 1&#215;1<\/figcaption><\/figure>\n<\/div>\n\n\n\n<div class=\"wp-block-column is-layout-flow wp-block-column-is-layout-flow\">\n<figure class=\"wp-block-image size-large\"><img loading=\"lazy\" decoding=\"async\" width=\"1024\" height=\"576\" src=\"http:\/\/gentedearte.org.ar\/2020\/wp-content\/uploads\/ENCUENTROS-EN-LA-ORILLA-29-10-22-flyer-v4-1024x576.jpg\" alt=\"\" class=\"wp-image-2968\" srcset=\"http:\/\/gentedearte.org.ar\/2020\/wp-content\/uploads\/\/ENCUENTROS-EN-LA-ORILLA-29-10-22-flyer-v4-1024x576.jpg 1024w, http:\/\/gentedearte.org.ar\/2020\/wp-content\/uploads\/\/ENCUENTROS-EN-LA-ORILLA-29-10-22-flyer-v4-300x169.jpg 300w, http:\/\/gentedearte.org.ar\/2020\/wp-content\/uploads\/\/ENCUENTROS-EN-LA-ORILLA-29-10-22-flyer-v4-768x432.jpg 768w, http:\/\/gentedearte.org.ar\/2020\/wp-content\/uploads\/\/ENCUENTROS-EN-LA-ORILLA-29-10-22-flyer-v4-1536x864.jpg 1536w, http:\/\/gentedearte.org.ar\/2020\/wp-content\/uploads\/\/ENCUENTROS-EN-LA-ORILLA-29-10-22-flyer-v4-600x338.jpg 600w, http:\/\/gentedearte.org.ar\/2020\/wp-content\/uploads\/\/ENCUENTROS-EN-LA-ORILLA-29-10-22-flyer-v4.jpg 1600w\" sizes=\"(max-width: 1024px) 100vw, 1024px\" \/><figcaption>Versi\u00f3n apaisada para Facebook , twitter, email<\/figcaption><\/figure>\n<\/div>\n<\/div>\n\n\n\n<h3 class=\"wp-block-heading\">GACETILLA DE PRENSA<\/h3>\n\n\n\n<div data-wp-interactive=\"core\/file\" class=\"wp-block-file\"><object data-wp-bind--hidden=\"!state.hasPdfPreview\" hidden class=\"wp-block-file__embed\" data=\"http:\/\/gentedearte.org.ar\/2020\/wp-content\/uploads\/Gacetilla-prensa-GDA-Encuentros-Orilla.pdf\" type=\"application\/pdf\" style=\"width:100%;height:600px\" aria-label=\"Incrustado de Incrustado de Gacetilla-prensa-GDA-Encuentros-Orilla..\"><\/object><a id=\"wp-block-file--media-f49aea81-5673-415b-8586-dbf88f863a92\" href=\"http:\/\/gentedearte.org.ar\/2020\/wp-content\/uploads\/Gacetilla-prensa-GDA-Encuentros-Orilla.pdf\">Gacetilla-prensa-GDA-Encuentros-Orilla<\/a><a href=\"http:\/\/gentedearte.org.ar\/2020\/wp-content\/uploads\/Gacetilla-prensa-GDA-Encuentros-Orilla.pdf\" class=\"wp-block-file__button\" download aria-describedby=\"wp-block-file--media-f49aea81-5673-415b-8586-dbf88f863a92\">Descarga<\/a><\/div>\n","protected":false},"excerpt":{"rendered":"<p>ENCUENTROS EN LA ORILLA 2022 CRUCE DE ARTES Cuando: S\u00e1bado 29\/10\/22 de 17 a 21 hs Donde: Paseo de la Ribera &#8211; Avellaneda &#8211; Frente a los silos Carlos Pellegrini y Florentino Ameghino, Avellaneda link en google maps: https:\/\/www.google.com\/maps\/@-34.6528427,-58.368681,19z Estacionamiento: Carlos Pellegrini y Cambaceres ( debajo del puente Pueyrredon ) Te invitamos a participar de [&hellip;]<\/p>\n","protected":false},"author":3,"featured_media":2968,"comment_status":"closed","ping_status":"closed","sticky":false,"template":"","format":"standard","meta":{"_uag_custom_page_level_css":"","site-sidebar-layout":"default","site-content-layout":"default","ast-site-content-layout":"","site-content-style":"default","site-sidebar-style":"default","ast-global-header-display":"","ast-banner-title-visibility":"","ast-main-header-display":"","ast-hfb-above-header-display":"","ast-hfb-below-header-display":"","ast-hfb-mobile-header-display":"","site-post-title":"","ast-breadcrumbs-content":"","ast-featured-img":"","footer-sml-layout":"","theme-transparent-header-meta":"default","adv-header-id-meta":"","stick-header-meta":"","header-above-stick-meta":"","header-main-stick-meta":"","header-below-stick-meta":"","astra-migrate-meta-layouts":"default","ast-page-background-enabled":"default","ast-page-background-meta":{"desktop":{"background-color":"var(--ast-global-color-4)","background-image":"","background-repeat":"repeat","background-position":"center center","background-size":"auto","background-attachment":"scroll","background-type":"","background-media":"","overlay-type":"","overlay-color":"","overlay-opacity":"","overlay-gradient":""},"tablet":{"background-color":"","background-image":"","background-repeat":"repeat","background-position":"center center","background-size":"auto","background-attachment":"scroll","background-type":"","background-media":"","overlay-type":"","overlay-color":"","overlay-opacity":"","overlay-gradient":""},"mobile":{"background-color":"","background-image":"","background-repeat":"repeat","background-position":"center center","background-size":"auto","background-attachment":"scroll","background-type":"","background-media":"","overlay-type":"","overlay-color":"","overlay-opacity":"","overlay-gradient":""}},"ast-content-background-meta":{"desktop":{"background-color":"var(--ast-global-color-5)","background-image":"","background-repeat":"repeat","background-position":"center center","background-size":"auto","background-attachment":"scroll","background-type":"","background-media":"","overlay-type":"","overlay-color":"","overlay-opacity":"","overlay-gradient":""},"tablet":{"background-color":"var(--ast-global-color-5)","background-image":"","background-repeat":"repeat","background-position":"center center","background-size":"auto","background-attachment":"scroll","background-type":"","background-media":"","overlay-type":"","overlay-color":"","overlay-opacity":"","overlay-gradient":""},"mobile":{"background-color":"var(--ast-global-color-5)","background-image":"","background-repeat":"repeat","background-position":"center center","background-size":"auto","background-attachment":"scroll","background-type":"","background-media":"","overlay-type":"","overlay-color":"","overlay-opacity":"","overlay-gradient":""}},"footnotes":""},"categories":[6,96],"tags":[],"class_list":["post-2885","post","type-post","status-publish","format-standard","has-post-thumbnail","hentry","category-actividades","category-blog"],"yoast_head":"<!-- This site is optimized with the Yoast SEO plugin v27.4 - https:\/\/yoast.com\/product\/yoast-seo-wordpress\/ -->\n<title>Encuentros en la Orilla 2022 - Gente de Arte<\/title>\n<meta name=\"description\" content=\"Evento de Arte en la ribera del Riachuelo: Pintura, Fotograf\u00eda, Artes Electr\u00f3nicas, Arte Ambiental, Bio Arte: Cultura Avellaneda, Acumar\" \/>\n<meta name=\"robots\" content=\"index, follow, max-snippet:-1, max-image-preview:large, max-video-preview:-1\" \/>\n<link rel=\"canonical\" href=\"http:\/\/gentedearte.org.ar\/2020\/encuentros-orilla\/\" \/>\n<meta property=\"og:locale\" content=\"es_ES\" \/>\n<meta property=\"og:type\" content=\"article\" \/>\n<meta property=\"og:title\" content=\"Encuentros en la Orilla 2022 - Gente de Arte\" \/>\n<meta property=\"og:description\" content=\"Evento de Arte en la ribera del Riachuelo: Pintura, Fotograf\u00eda, Artes Electr\u00f3nicas, Arte Ambiental, Bio Arte: Cultura Avellaneda, Acumar\" \/>\n<meta property=\"og:url\" content=\"http:\/\/gentedearte.org.ar\/2020\/encuentros-orilla\/\" \/>\n<meta property=\"og:site_name\" content=\"Gente de Arte\" \/>\n<meta property=\"article:publisher\" content=\"https:\/\/www.facebook.com\/gentedearte\" \/>\n<meta property=\"article:published_time\" content=\"2022-10-04T20:18:15+00:00\" \/>\n<meta property=\"article:modified_time\" content=\"2023-11-07T13:36:33+00:00\" \/>\n<meta property=\"og:image\" content=\"http:\/\/gentedearte.org.ar\/2020\/wp-content\/uploads\/ENCUENTROS-EN-LA-ORILLA-29-10-22-flyer-v4.jpg\" \/>\n\t<meta property=\"og:image:width\" content=\"1600\" \/>\n\t<meta property=\"og:image:height\" content=\"900\" \/>\n\t<meta property=\"og:image:type\" content=\"image\/jpeg\" \/>\n<meta name=\"author\" content=\"Diego G\u00f3mez\" \/>\n<meta name=\"twitter:card\" content=\"summary_large_image\" \/>\n<script type=\"application\/ld+json\" class=\"yoast-schema-graph\">{\"@context\":\"https:\\\/\\\/schema.org\",\"@graph\":[{\"@type\":\"Article\",\"@id\":\"http:\\\/\\\/gentedearte.org.ar\\\/2020\\\/encuentros-orilla\\\/#article\",\"isPartOf\":{\"@id\":\"http:\\\/\\\/gentedearte.org.ar\\\/2020\\\/encuentros-orilla\\\/\"},\"author\":{\"name\":\"Diego G\u00f3mez\",\"@id\":\"http:\\\/\\\/gentedearte.org.ar\\\/2020\\\/#\\\/schema\\\/person\\\/ba4aaf1ffa280be1e9c7352fb2cdfe20\"},\"headline\":\"Encuentros en la Orilla 2022\",\"datePublished\":\"2022-10-04T20:18:15+00:00\",\"dateModified\":\"2023-11-07T13:36:33+00:00\",\"mainEntityOfPage\":{\"@id\":\"http:\\\/\\\/gentedearte.org.ar\\\/2020\\\/encuentros-orilla\\\/\"},\"wordCount\":723,\"publisher\":{\"@id\":\"http:\\\/\\\/gentedearte.org.ar\\\/2020\\\/#organization\"},\"image\":{\"@id\":\"http:\\\/\\\/gentedearte.org.ar\\\/2020\\\/encuentros-orilla\\\/#primaryimage\"},\"thumbnailUrl\":\"http:\\\/\\\/gentedearte.org.ar\\\/2020\\\/wp-content\\\/uploads\\\/ENCUENTROS-EN-LA-ORILLA-29-10-22-flyer-v4.jpg\",\"articleSection\":[\"Actividades\",\"Blog\"],\"inLanguage\":\"es\"},{\"@type\":\"WebPage\",\"@id\":\"http:\\\/\\\/gentedearte.org.ar\\\/2020\\\/encuentros-orilla\\\/\",\"url\":\"http:\\\/\\\/gentedearte.org.ar\\\/2020\\\/encuentros-orilla\\\/\",\"name\":\"Encuentros en la Orilla 2022 - Gente de Arte\",\"isPartOf\":{\"@id\":\"http:\\\/\\\/gentedearte.org.ar\\\/2020\\\/#website\"},\"primaryImageOfPage\":{\"@id\":\"http:\\\/\\\/gentedearte.org.ar\\\/2020\\\/encuentros-orilla\\\/#primaryimage\"},\"image\":{\"@id\":\"http:\\\/\\\/gentedearte.org.ar\\\/2020\\\/encuentros-orilla\\\/#primaryimage\"},\"thumbnailUrl\":\"http:\\\/\\\/gentedearte.org.ar\\\/2020\\\/wp-content\\\/uploads\\\/ENCUENTROS-EN-LA-ORILLA-29-10-22-flyer-v4.jpg\",\"datePublished\":\"2022-10-04T20:18:15+00:00\",\"dateModified\":\"2023-11-07T13:36:33+00:00\",\"description\":\"Evento de Arte en la ribera del Riachuelo: Pintura, Fotograf\u00eda, Artes Electr\u00f3nicas, Arte Ambiental, Bio Arte: Cultura Avellaneda, Acumar\",\"breadcrumb\":{\"@id\":\"http:\\\/\\\/gentedearte.org.ar\\\/2020\\\/encuentros-orilla\\\/#breadcrumb\"},\"inLanguage\":\"es\",\"potentialAction\":[{\"@type\":\"ReadAction\",\"target\":[\"http:\\\/\\\/gentedearte.org.ar\\\/2020\\\/encuentros-orilla\\\/\"]}]},{\"@type\":\"ImageObject\",\"inLanguage\":\"es\",\"@id\":\"http:\\\/\\\/gentedearte.org.ar\\\/2020\\\/encuentros-orilla\\\/#primaryimage\",\"url\":\"http:\\\/\\\/gentedearte.org.ar\\\/2020\\\/wp-content\\\/uploads\\\/ENCUENTROS-EN-LA-ORILLA-29-10-22-flyer-v4.jpg\",\"contentUrl\":\"http:\\\/\\\/gentedearte.org.ar\\\/2020\\\/wp-content\\\/uploads\\\/ENCUENTROS-EN-LA-ORILLA-29-10-22-flyer-v4.jpg\",\"width\":1600,\"height\":900},{\"@type\":\"BreadcrumbList\",\"@id\":\"http:\\\/\\\/gentedearte.org.ar\\\/2020\\\/encuentros-orilla\\\/#breadcrumb\",\"itemListElement\":[{\"@type\":\"ListItem\",\"position\":1,\"name\":\"Portada\",\"item\":\"http:\\\/\\\/gentedearte.org.ar\\\/2020\\\/\"},{\"@type\":\"ListItem\",\"position\":2,\"name\":\"Encuentros en la Orilla 2022\"}]},{\"@type\":\"WebSite\",\"@id\":\"http:\\\/\\\/gentedearte.org.ar\\\/2020\\\/#website\",\"url\":\"http:\\\/\\\/gentedearte.org.ar\\\/2020\\\/\",\"name\":\"Gente de Arte\",\"description\":\"Asociaci\u00f3n\",\"publisher\":{\"@id\":\"http:\\\/\\\/gentedearte.org.ar\\\/2020\\\/#organization\"},\"potentialAction\":[{\"@type\":\"SearchAction\",\"target\":{\"@type\":\"EntryPoint\",\"urlTemplate\":\"http:\\\/\\\/gentedearte.org.ar\\\/2020\\\/?s={search_term_string}\"},\"query-input\":{\"@type\":\"PropertyValueSpecification\",\"valueRequired\":true,\"valueName\":\"search_term_string\"}}],\"inLanguage\":\"es\"},{\"@type\":\"Organization\",\"@id\":\"http:\\\/\\\/gentedearte.org.ar\\\/2020\\\/#organization\",\"name\":\"Gente de Arte\",\"url\":\"http:\\\/\\\/gentedearte.org.ar\\\/2020\\\/\",\"logo\":{\"@type\":\"ImageObject\",\"inLanguage\":\"es\",\"@id\":\"http:\\\/\\\/gentedearte.org.ar\\\/2020\\\/#\\\/schema\\\/logo\\\/image\\\/\",\"url\":\"http:\\\/\\\/gentedearte.org.ar\\\/2020\\\/wp-content\\\/uploads\\\/2020\\\/03\\\/gentearte-logo-modificado-tamao-153x159-1.jpg\",\"contentUrl\":\"http:\\\/\\\/gentedearte.org.ar\\\/2020\\\/wp-content\\\/uploads\\\/2020\\\/03\\\/gentearte-logo-modificado-tamao-153x159-1.jpg\",\"width\":153,\"height\":159,\"caption\":\"Gente de Arte\"},\"image\":{\"@id\":\"http:\\\/\\\/gentedearte.org.ar\\\/2020\\\/#\\\/schema\\\/logo\\\/image\\\/\"},\"sameAs\":[\"https:\\\/\\\/www.facebook.com\\\/gentedearte\",\"https:\\\/\\\/www.instagram.com\\\/gente.de.arte\"]},{\"@type\":\"Person\",\"@id\":\"http:\\\/\\\/gentedearte.org.ar\\\/2020\\\/#\\\/schema\\\/person\\\/ba4aaf1ffa280be1e9c7352fb2cdfe20\",\"name\":\"Diego G\u00f3mez\",\"url\":\"http:\\\/\\\/gentedearte.org.ar\\\/2020\\\/author\\\/diegog\\\/\"}]}<\/script>\n<!-- \/ Yoast SEO plugin. -->","yoast_head_json":{"title":"Encuentros en la Orilla 2022 - Gente de Arte","description":"Evento de Arte en la ribera del Riachuelo: Pintura, Fotograf\u00eda, Artes Electr\u00f3nicas, Arte Ambiental, Bio Arte: Cultura Avellaneda, Acumar","robots":{"index":"index","follow":"follow","max-snippet":"max-snippet:-1","max-image-preview":"max-image-preview:large","max-video-preview":"max-video-preview:-1"},"canonical":"http:\/\/gentedearte.org.ar\/2020\/encuentros-orilla\/","og_locale":"es_ES","og_type":"article","og_title":"Encuentros en la Orilla 2022 - Gente de Arte","og_description":"Evento de Arte en la ribera del Riachuelo: Pintura, Fotograf\u00eda, Artes Electr\u00f3nicas, Arte Ambiental, Bio Arte: Cultura Avellaneda, Acumar","og_url":"http:\/\/gentedearte.org.ar\/2020\/encuentros-orilla\/","og_site_name":"Gente de Arte","article_publisher":"https:\/\/www.facebook.com\/gentedearte","article_published_time":"2022-10-04T20:18:15+00:00","article_modified_time":"2023-11-07T13:36:33+00:00","og_image":[{"width":1600,"height":900,"url":"http:\/\/gentedearte.org.ar\/2020\/wp-content\/uploads\/ENCUENTROS-EN-LA-ORILLA-29-10-22-flyer-v4.jpg","type":"image\/jpeg"}],"author":"Diego G\u00f3mez","twitter_card":"summary_large_image","schema":{"@context":"https:\/\/schema.org","@graph":[{"@type":"Article","@id":"http:\/\/gentedearte.org.ar\/2020\/encuentros-orilla\/#article","isPartOf":{"@id":"http:\/\/gentedearte.org.ar\/2020\/encuentros-orilla\/"},"author":{"name":"Diego G\u00f3mez","@id":"http:\/\/gentedearte.org.ar\/2020\/#\/schema\/person\/ba4aaf1ffa280be1e9c7352fb2cdfe20"},"headline":"Encuentros en la Orilla 2022","datePublished":"2022-10-04T20:18:15+00:00","dateModified":"2023-11-07T13:36:33+00:00","mainEntityOfPage":{"@id":"http:\/\/gentedearte.org.ar\/2020\/encuentros-orilla\/"},"wordCount":723,"publisher":{"@id":"http:\/\/gentedearte.org.ar\/2020\/#organization"},"image":{"@id":"http:\/\/gentedearte.org.ar\/2020\/encuentros-orilla\/#primaryimage"},"thumbnailUrl":"http:\/\/gentedearte.org.ar\/2020\/wp-content\/uploads\/ENCUENTROS-EN-LA-ORILLA-29-10-22-flyer-v4.jpg","articleSection":["Actividades","Blog"],"inLanguage":"es"},{"@type":"WebPage","@id":"http:\/\/gentedearte.org.ar\/2020\/encuentros-orilla\/","url":"http:\/\/gentedearte.org.ar\/2020\/encuentros-orilla\/","name":"Encuentros en la Orilla 2022 - Gente de Arte","isPartOf":{"@id":"http:\/\/gentedearte.org.ar\/2020\/#website"},"primaryImageOfPage":{"@id":"http:\/\/gentedearte.org.ar\/2020\/encuentros-orilla\/#primaryimage"},"image":{"@id":"http:\/\/gentedearte.org.ar\/2020\/encuentros-orilla\/#primaryimage"},"thumbnailUrl":"http:\/\/gentedearte.org.ar\/2020\/wp-content\/uploads\/ENCUENTROS-EN-LA-ORILLA-29-10-22-flyer-v4.jpg","datePublished":"2022-10-04T20:18:15+00:00","dateModified":"2023-11-07T13:36:33+00:00","description":"Evento de Arte en la ribera del Riachuelo: Pintura, Fotograf\u00eda, Artes Electr\u00f3nicas, Arte Ambiental, Bio Arte: Cultura Avellaneda, Acumar","breadcrumb":{"@id":"http:\/\/gentedearte.org.ar\/2020\/encuentros-orilla\/#breadcrumb"},"inLanguage":"es","potentialAction":[{"@type":"ReadAction","target":["http:\/\/gentedearte.org.ar\/2020\/encuentros-orilla\/"]}]},{"@type":"ImageObject","inLanguage":"es","@id":"http:\/\/gentedearte.org.ar\/2020\/encuentros-orilla\/#primaryimage","url":"http:\/\/gentedearte.org.ar\/2020\/wp-content\/uploads\/ENCUENTROS-EN-LA-ORILLA-29-10-22-flyer-v4.jpg","contentUrl":"http:\/\/gentedearte.org.ar\/2020\/wp-content\/uploads\/ENCUENTROS-EN-LA-ORILLA-29-10-22-flyer-v4.jpg","width":1600,"height":900},{"@type":"BreadcrumbList","@id":"http:\/\/gentedearte.org.ar\/2020\/encuentros-orilla\/#breadcrumb","itemListElement":[{"@type":"ListItem","position":1,"name":"Portada","item":"http:\/\/gentedearte.org.ar\/2020\/"},{"@type":"ListItem","position":2,"name":"Encuentros en la Orilla 2022"}]},{"@type":"WebSite","@id":"http:\/\/gentedearte.org.ar\/2020\/#website","url":"http:\/\/gentedearte.org.ar\/2020\/","name":"Gente de Arte","description":"Asociaci\u00f3n","publisher":{"@id":"http:\/\/gentedearte.org.ar\/2020\/#organization"},"potentialAction":[{"@type":"SearchAction","target":{"@type":"EntryPoint","urlTemplate":"http:\/\/gentedearte.org.ar\/2020\/?s={search_term_string}"},"query-input":{"@type":"PropertyValueSpecification","valueRequired":true,"valueName":"search_term_string"}}],"inLanguage":"es"},{"@type":"Organization","@id":"http:\/\/gentedearte.org.ar\/2020\/#organization","name":"Gente de Arte","url":"http:\/\/gentedearte.org.ar\/2020\/","logo":{"@type":"ImageObject","inLanguage":"es","@id":"http:\/\/gentedearte.org.ar\/2020\/#\/schema\/logo\/image\/","url":"http:\/\/gentedearte.org.ar\/2020\/wp-content\/uploads\/2020\/03\/gentearte-logo-modificado-tamao-153x159-1.jpg","contentUrl":"http:\/\/gentedearte.org.ar\/2020\/wp-content\/uploads\/2020\/03\/gentearte-logo-modificado-tamao-153x159-1.jpg","width":153,"height":159,"caption":"Gente de Arte"},"image":{"@id":"http:\/\/gentedearte.org.ar\/2020\/#\/schema\/logo\/image\/"},"sameAs":["https:\/\/www.facebook.com\/gentedearte","https:\/\/www.instagram.com\/gente.de.arte"]},{"@type":"Person","@id":"http:\/\/gentedearte.org.ar\/2020\/#\/schema\/person\/ba4aaf1ffa280be1e9c7352fb2cdfe20","name":"Diego G\u00f3mez","url":"http:\/\/gentedearte.org.ar\/2020\/author\/diegog\/"}]}},"jetpack_featured_media_url":"http:\/\/gentedearte.org.ar\/2020\/wp-content\/uploads\/ENCUENTROS-EN-LA-ORILLA-29-10-22-flyer-v4.jpg","uagb_featured_image_src":{"full":["http:\/\/gentedearte.org.ar\/2020\/wp-content\/uploads\/ENCUENTROS-EN-LA-ORILLA-29-10-22-flyer-v4.jpg",1600,900,false],"thumbnail":["http:\/\/gentedearte.org.ar\/2020\/wp-content\/uploads\/ENCUENTROS-EN-LA-ORILLA-29-10-22-flyer-v4-150x150.jpg",150,150,true],"medium":["http:\/\/gentedearte.org.ar\/2020\/wp-content\/uploads\/ENCUENTROS-EN-LA-ORILLA-29-10-22-flyer-v4-300x169.jpg",300,169,true],"medium_large":["http:\/\/gentedearte.org.ar\/2020\/wp-content\/uploads\/ENCUENTROS-EN-LA-ORILLA-29-10-22-flyer-v4-768x432.jpg",768,432,true],"large":["http:\/\/gentedearte.org.ar\/2020\/wp-content\/uploads\/ENCUENTROS-EN-LA-ORILLA-29-10-22-flyer-v4-1024x576.jpg",1024,576,true],"1536x1536":["http:\/\/gentedearte.org.ar\/2020\/wp-content\/uploads\/ENCUENTROS-EN-LA-ORILLA-29-10-22-flyer-v4-1536x864.jpg",1536,864,true],"2048x2048":["http:\/\/gentedearte.org.ar\/2020\/wp-content\/uploads\/ENCUENTROS-EN-LA-ORILLA-29-10-22-flyer-v4.jpg",1600,900,false],"woocommerce_thumbnail":["http:\/\/gentedearte.org.ar\/2020\/wp-content\/uploads\/ENCUENTROS-EN-LA-ORILLA-29-10-22-flyer-v4-300x300.jpg",300,300,true],"woocommerce_single":["http:\/\/gentedearte.org.ar\/2020\/wp-content\/uploads\/ENCUENTROS-EN-LA-ORILLA-29-10-22-flyer-v4-600x338.jpg",600,338,true],"woocommerce_gallery_thumbnail":["http:\/\/gentedearte.org.ar\/2020\/wp-content\/uploads\/ENCUENTROS-EN-LA-ORILLA-29-10-22-flyer-v4-100x100.jpg",100,100,true]},"uagb_author_info":{"display_name":"Diego G\u00f3mez","author_link":"http:\/\/gentedearte.org.ar\/2020\/author\/diegog\/"},"uagb_comment_info":0,"uagb_excerpt":"ENCUENTROS EN LA ORILLA 2022 CRUCE DE ARTES Cuando: S\u00e1bado 29\/10\/22 de 17 a 21 hs Donde: Paseo de la Ribera &#8211; Avellaneda &#8211; Frente a los silos Carlos Pellegrini y Florentino Ameghino, Avellaneda link en google maps: https:\/\/www.google.com\/maps\/@-34.6528427,-58.368681,19z Estacionamiento: Carlos Pellegrini y Cambaceres ( debajo del puente Pueyrredon ) Te invitamos a participar de&hellip;","_links":{"self":[{"href":"http:\/\/gentedearte.org.ar\/2020\/wp-json\/wp\/v2\/posts\/2885","targetHints":{"allow":["GET"]}}],"collection":[{"href":"http:\/\/gentedearte.org.ar\/2020\/wp-json\/wp\/v2\/posts"}],"about":[{"href":"http:\/\/gentedearte.org.ar\/2020\/wp-json\/wp\/v2\/types\/post"}],"author":[{"embeddable":true,"href":"http:\/\/gentedearte.org.ar\/2020\/wp-json\/wp\/v2\/users\/3"}],"replies":[{"embeddable":true,"href":"http:\/\/gentedearte.org.ar\/2020\/wp-json\/wp\/v2\/comments?post=2885"}],"version-history":[{"count":141,"href":"http:\/\/gentedearte.org.ar\/2020\/wp-json\/wp\/v2\/posts\/2885\/revisions"}],"predecessor-version":[{"id":3584,"href":"http:\/\/gentedearte.org.ar\/2020\/wp-json\/wp\/v2\/posts\/2885\/revisions\/3584"}],"wp:featuredmedia":[{"embeddable":true,"href":"http:\/\/gentedearte.org.ar\/2020\/wp-json\/wp\/v2\/media\/2968"}],"wp:attachment":[{"href":"http:\/\/gentedearte.org.ar\/2020\/wp-json\/wp\/v2\/media?parent=2885"}],"wp:term":[{"taxonomy":"category","embeddable":true,"href":"http:\/\/gentedearte.org.ar\/2020\/wp-json\/wp\/v2\/categories?post=2885"},{"taxonomy":"post_tag","embeddable":true,"href":"http:\/\/gentedearte.org.ar\/2020\/wp-json\/wp\/v2\/tags?post=2885"}],"curies":[{"name":"wp","href":"https:\/\/api.w.org\/{rel}","templated":true}]}}