{"id":2294,"date":"2017-06-16T16:04:00","date_gmt":"2017-06-16T19:04:00","guid":{"rendered":"http:\/\/gentedearte.org.ar\/2020\/?p=2294"},"modified":"2021-03-21T09:32:40","modified_gmt":"2021-03-21T12:32:40","slug":"declaracion-hcd-avellaneda-gda","status":"publish","type":"post","link":"http:\/\/gentedearte.org.ar\/2020\/declaracion-hcd-avellaneda-gda\/","title":{"rendered":"Declaraci\u00f3n del Concejo Deliberante de Avellaneda a Gente de Arte"},"content":{"rendered":"\n<p>En el a\u00f1o 2017 el Honorable Concejo Deliberante de Avellaneda nombr\u00f3 a la Asociaci\u00f3n \u00abInstituci\u00f3n Ejemplar de la Ciudad de Avellaneda\u00bb seg\u00fan ordenanza 22208 art. 5\u00ba Inc.A. Decreto 3223.<\/p>\n\n\n\n<p>Para m\u00e1s informaci\u00f3n<\/p>\n\n\n\n<p><a href=\"http:\/\/www.hcdavellaneda.gob.ar\/\">http:\/\/www.hcdavellaneda.gob.ar\/<\/a><\/p>\n","protected":false},"excerpt":{"rendered":"<p>En el a\u00f1o 2017 el Honorable Concejo Deliberante de Avellaneda nombr\u00f3 a la Asociaci\u00f3n \u00abInstituci\u00f3n Ejemplar de la Ciudad de Avellaneda\u00bb seg\u00fan ordenanza 22208 art. 5\u00ba Inc.A. Decreto 3223. Para m\u00e1s informaci\u00f3n http:\/\/www.hcdavellaneda.gob.ar\/<\/p>\n","protected":false},"author":3,"featured_media":2296,"comment_status":"closed","ping_status":"open","sticky":false,"template":"","format":"standard","meta":{"_uag_custom_page_level_css":"","site-sidebar-layout":"default","site-content-layout":"default","ast-site-content-layout":"","site-content-style":"default","site-sidebar-style":"default","ast-global-header-display":"","ast-banner-title-visibility":"","ast-main-header-display":"","ast-hfb-above-header-display":"","ast-hfb-below-header-display":"","ast-hfb-mobile-header-display":"","site-post-title":"","ast-breadcrumbs-content":"","ast-featured-img":"","footer-sml-layout":"","theme-transparent-header-meta":"default","adv-header-id-meta":"","stick-header-meta":"","header-above-stick-meta":"","header-main-stick-meta":"","header-below-stick-meta":"","astra-migrate-meta-layouts":"default","ast-page-background-enabled":"default","ast-page-background-meta":{"desktop":{"background-color":"var(--ast-global-color-4)","background-image":"","background-repeat":"repeat","background-position":"center center","background-size":"auto","background-attachment":"scroll","background-type":"","background-media":"","overlay-type":"","overlay-color":"","overlay-opacity":"","overlay-gradient":""},"tablet":{"background-color":"","background-image":"","background-repeat":"repeat","background-position":"center center","background-size":"auto","background-attachment":"scroll","background-type":"","background-media":"","overlay-type":"","overlay-color":"","overlay-opacity":"","overlay-gradient":""},"mobile":{"background-color":"","background-image":"","background-repeat":"repeat","background-position":"center center","background-size":"auto","background-attachment":"scroll","background-type":"","background-media":"","overlay-type":"","overlay-color":"","overlay-opacity":"","overlay-gradient":""}},"ast-content-background-meta":{"desktop":{"background-color":"var(--ast-global-color-5)","background-image":"","background-repeat":"repeat","background-position":"center center","background-size":"auto","background-attachment":"scroll","background-type":"","background-media":"","overlay-type":"","overlay-color":"","overlay-opacity":"","overlay-gradient":""},"tablet":{"background-color":"var(--ast-global-color-5)","background-image":"","background-repeat":"repeat","background-position":"center center","background-size":"auto","background-attachment":"scroll","background-type":"","background-media":"","overlay-type":"","overlay-color":"","overlay-opacity":"","overlay-gradient":""},"mobile":{"background-color":"var(--ast-global-color-5)","background-image":"","background-repeat":"repeat","background-position":"center center","background-size":"auto","background-attachment":"scroll","background-type":"","background-media":"","overlay-type":"","overlay-color":"","overlay-opacity":"","overlay-gradient":""}},"footnotes":""},"categories":[97],"tags":[78],"class_list":["post-2294","post","type-post","status-publish","format-standard","has-post-thumbnail","hentry","category-prensa","tag-prensa"],"yoast_head":"<!-- This site is optimized with the Yoast SEO plugin v27.4 - https:\/\/yoast.com\/product\/yoast-seo-wordpress\/ -->\n<title>Declaraci\u00f3n del Concejo Deliberante de Avellaneda a Gente de Arte - Gente de Arte<\/title>\n<meta name=\"robots\" content=\"index, follow, max-snippet:-1, max-image-preview:large, max-video-preview:-1\" \/>\n<link rel=\"canonical\" href=\"http:\/\/gentedearte.org.ar\/2020\/declaracion-hcd-avellaneda-gda\/\" \/>\n<meta property=\"og:locale\" content=\"es_ES\" \/>\n<meta property=\"og:type\" content=\"article\" \/>\n<meta property=\"og:title\" content=\"Declaraci\u00f3n del Concejo Deliberante de Avellaneda a Gente de Arte - Gente de Arte\" \/>\n<meta property=\"og:description\" content=\"En el a\u00f1o 2017 el Honorable Concejo Deliberante de Avellaneda nombr\u00f3 a la Asociaci\u00f3n \u00abInstituci\u00f3n Ejemplar de la Ciudad de Avellaneda\u00bb seg\u00fan ordenanza 22208 art. 5\u00ba Inc.A. Decreto 3223. Para m\u00e1s informaci\u00f3n http:\/\/www.hcdavellaneda.gob.ar\/\" \/>\n<meta property=\"og:url\" content=\"http:\/\/gentedearte.org.ar\/2020\/declaracion-hcd-avellaneda-gda\/\" \/>\n<meta property=\"og:site_name\" content=\"Gente de Arte\" \/>\n<meta property=\"article:publisher\" content=\"https:\/\/www.facebook.com\/gentedearte\" \/>\n<meta property=\"article:published_time\" content=\"2017-06-16T19:04:00+00:00\" \/>\n<meta property=\"article:modified_time\" content=\"2021-03-21T12:32:40+00:00\" \/>\n<meta property=\"og:image\" content=\"http:\/\/gentedearte.org.ar\/2020\/wp-content\/uploads\/concejo-deliberante.avellaneda.png\" \/>\n\t<meta property=\"og:image:width\" content=\"450\" \/>\n\t<meta property=\"og:image:height\" content=\"155\" \/>\n\t<meta property=\"og:image:type\" content=\"image\/png\" \/>\n<meta name=\"author\" content=\"Diego G\u00f3mez\" \/>\n<meta name=\"twitter:card\" content=\"summary_large_image\" \/>\n<script type=\"application\/ld+json\" class=\"yoast-schema-graph\">{\"@context\":\"https:\\\/\\\/schema.org\",\"@graph\":[{\"@type\":\"Article\",\"@id\":\"http:\\\/\\\/gentedearte.org.ar\\\/2020\\\/declaracion-hcd-avellaneda-gda\\\/#article\",\"isPartOf\":{\"@id\":\"http:\\\/\\\/gentedearte.org.ar\\\/2020\\\/declaracion-hcd-avellaneda-gda\\\/\"},\"author\":{\"name\":\"Diego G\u00f3mez\",\"@id\":\"http:\\\/\\\/gentedearte.org.ar\\\/2020\\\/#\\\/schema\\\/person\\\/ba4aaf1ffa280be1e9c7352fb2cdfe20\"},\"headline\":\"Declaraci\u00f3n del Concejo Deliberante de Avellaneda a Gente de Arte\",\"datePublished\":\"2017-06-16T19:04:00+00:00\",\"dateModified\":\"2021-03-21T12:32:40+00:00\",\"mainEntityOfPage\":{\"@id\":\"http:\\\/\\\/gentedearte.org.ar\\\/2020\\\/declaracion-hcd-avellaneda-gda\\\/\"},\"wordCount\":51,\"publisher\":{\"@id\":\"http:\\\/\\\/gentedearte.org.ar\\\/2020\\\/#organization\"},\"image\":{\"@id\":\"http:\\\/\\\/gentedearte.org.ar\\\/2020\\\/declaracion-hcd-avellaneda-gda\\\/#primaryimage\"},\"thumbnailUrl\":\"http:\\\/\\\/gentedearte.org.ar\\\/2020\\\/wp-content\\\/uploads\\\/concejo-deliberante.avellaneda.png\",\"keywords\":[\"Prensa\"],\"articleSection\":[\"Prensa\"],\"inLanguage\":\"es\"},{\"@type\":\"WebPage\",\"@id\":\"http:\\\/\\\/gentedearte.org.ar\\\/2020\\\/declaracion-hcd-avellaneda-gda\\\/\",\"url\":\"http:\\\/\\\/gentedearte.org.ar\\\/2020\\\/declaracion-hcd-avellaneda-gda\\\/\",\"name\":\"Declaraci\u00f3n del Concejo Deliberante de Avellaneda a Gente de Arte - Gente de Arte\",\"isPartOf\":{\"@id\":\"http:\\\/\\\/gentedearte.org.ar\\\/2020\\\/#website\"},\"primaryImageOfPage\":{\"@id\":\"http:\\\/\\\/gentedearte.org.ar\\\/2020\\\/declaracion-hcd-avellaneda-gda\\\/#primaryimage\"},\"image\":{\"@id\":\"http:\\\/\\\/gentedearte.org.ar\\\/2020\\\/declaracion-hcd-avellaneda-gda\\\/#primaryimage\"},\"thumbnailUrl\":\"http:\\\/\\\/gentedearte.org.ar\\\/2020\\\/wp-content\\\/uploads\\\/concejo-deliberante.avellaneda.png\",\"datePublished\":\"2017-06-16T19:04:00+00:00\",\"dateModified\":\"2021-03-21T12:32:40+00:00\",\"breadcrumb\":{\"@id\":\"http:\\\/\\\/gentedearte.org.ar\\\/2020\\\/declaracion-hcd-avellaneda-gda\\\/#breadcrumb\"},\"inLanguage\":\"es\",\"potentialAction\":[{\"@type\":\"ReadAction\",\"target\":[\"http:\\\/\\\/gentedearte.org.ar\\\/2020\\\/declaracion-hcd-avellaneda-gda\\\/\"]}]},{\"@type\":\"ImageObject\",\"inLanguage\":\"es\",\"@id\":\"http:\\\/\\\/gentedearte.org.ar\\\/2020\\\/declaracion-hcd-avellaneda-gda\\\/#primaryimage\",\"url\":\"http:\\\/\\\/gentedearte.org.ar\\\/2020\\\/wp-content\\\/uploads\\\/concejo-deliberante.avellaneda.png\",\"contentUrl\":\"http:\\\/\\\/gentedearte.org.ar\\\/2020\\\/wp-content\\\/uploads\\\/concejo-deliberante.avellaneda.png\",\"width\":450,\"height\":155,\"caption\":\"Concejo Deliberante de Avellaneda\"},{\"@type\":\"BreadcrumbList\",\"@id\":\"http:\\\/\\\/gentedearte.org.ar\\\/2020\\\/declaracion-hcd-avellaneda-gda\\\/#breadcrumb\",\"itemListElement\":[{\"@type\":\"ListItem\",\"position\":1,\"name\":\"Portada\",\"item\":\"http:\\\/\\\/gentedearte.org.ar\\\/2020\\\/\"},{\"@type\":\"ListItem\",\"position\":2,\"name\":\"Declaraci\u00f3n del Concejo Deliberante de Avellaneda a Gente de Arte\"}]},{\"@type\":\"WebSite\",\"@id\":\"http:\\\/\\\/gentedearte.org.ar\\\/2020\\\/#website\",\"url\":\"http:\\\/\\\/gentedearte.org.ar\\\/2020\\\/\",\"name\":\"Gente de Arte\",\"description\":\"Asociaci\u00f3n\",\"publisher\":{\"@id\":\"http:\\\/\\\/gentedearte.org.ar\\\/2020\\\/#organization\"},\"potentialAction\":[{\"@type\":\"SearchAction\",\"target\":{\"@type\":\"EntryPoint\",\"urlTemplate\":\"http:\\\/\\\/gentedearte.org.ar\\\/2020\\\/?s={search_term_string}\"},\"query-input\":{\"@type\":\"PropertyValueSpecification\",\"valueRequired\":true,\"valueName\":\"search_term_string\"}}],\"inLanguage\":\"es\"},{\"@type\":\"Organization\",\"@id\":\"http:\\\/\\\/gentedearte.org.ar\\\/2020\\\/#organization\",\"name\":\"Gente de Arte\",\"url\":\"http:\\\/\\\/gentedearte.org.ar\\\/2020\\\/\",\"logo\":{\"@type\":\"ImageObject\",\"inLanguage\":\"es\",\"@id\":\"http:\\\/\\\/gentedearte.org.ar\\\/2020\\\/#\\\/schema\\\/logo\\\/image\\\/\",\"url\":\"http:\\\/\\\/gentedearte.org.ar\\\/2020\\\/wp-content\\\/uploads\\\/2020\\\/03\\\/gentearte-logo-modificado-tamao-153x159-1.jpg\",\"contentUrl\":\"http:\\\/\\\/gentedearte.org.ar\\\/2020\\\/wp-content\\\/uploads\\\/2020\\\/03\\\/gentearte-logo-modificado-tamao-153x159-1.jpg\",\"width\":153,\"height\":159,\"caption\":\"Gente de Arte\"},\"image\":{\"@id\":\"http:\\\/\\\/gentedearte.org.ar\\\/2020\\\/#\\\/schema\\\/logo\\\/image\\\/\"},\"sameAs\":[\"https:\\\/\\\/www.facebook.com\\\/gentedearte\",\"https:\\\/\\\/www.instagram.com\\\/gente.de.arte\"]},{\"@type\":\"Person\",\"@id\":\"http:\\\/\\\/gentedearte.org.ar\\\/2020\\\/#\\\/schema\\\/person\\\/ba4aaf1ffa280be1e9c7352fb2cdfe20\",\"name\":\"Diego G\u00f3mez\",\"url\":\"http:\\\/\\\/gentedearte.org.ar\\\/2020\\\/author\\\/diegog\\\/\"}]}<\/script>\n<!-- \/ Yoast SEO plugin. -->","yoast_head_json":{"title":"Declaraci\u00f3n del Concejo Deliberante de Avellaneda a Gente de Arte - Gente de Arte","robots":{"index":"index","follow":"follow","max-snippet":"max-snippet:-1","max-image-preview":"max-image-preview:large","max-video-preview":"max-video-preview:-1"},"canonical":"http:\/\/gentedearte.org.ar\/2020\/declaracion-hcd-avellaneda-gda\/","og_locale":"es_ES","og_type":"article","og_title":"Declaraci\u00f3n del Concejo Deliberante de Avellaneda a Gente de Arte - Gente de Arte","og_description":"En el a\u00f1o 2017 el Honorable Concejo Deliberante de Avellaneda nombr\u00f3 a la Asociaci\u00f3n \u00abInstituci\u00f3n Ejemplar de la Ciudad de Avellaneda\u00bb seg\u00fan ordenanza 22208 art. 5\u00ba Inc.A. Decreto 3223. Para m\u00e1s informaci\u00f3n http:\/\/www.hcdavellaneda.gob.ar\/","og_url":"http:\/\/gentedearte.org.ar\/2020\/declaracion-hcd-avellaneda-gda\/","og_site_name":"Gente de Arte","article_publisher":"https:\/\/www.facebook.com\/gentedearte","article_published_time":"2017-06-16T19:04:00+00:00","article_modified_time":"2021-03-21T12:32:40+00:00","og_image":[{"width":450,"height":155,"url":"http:\/\/gentedearte.org.ar\/2020\/wp-content\/uploads\/concejo-deliberante.avellaneda.png","type":"image\/png"}],"author":"Diego G\u00f3mez","twitter_card":"summary_large_image","schema":{"@context":"https:\/\/schema.org","@graph":[{"@type":"Article","@id":"http:\/\/gentedearte.org.ar\/2020\/declaracion-hcd-avellaneda-gda\/#article","isPartOf":{"@id":"http:\/\/gentedearte.org.ar\/2020\/declaracion-hcd-avellaneda-gda\/"},"author":{"name":"Diego G\u00f3mez","@id":"http:\/\/gentedearte.org.ar\/2020\/#\/schema\/person\/ba4aaf1ffa280be1e9c7352fb2cdfe20"},"headline":"Declaraci\u00f3n del Concejo Deliberante de Avellaneda a Gente de Arte","datePublished":"2017-06-16T19:04:00+00:00","dateModified":"2021-03-21T12:32:40+00:00","mainEntityOfPage":{"@id":"http:\/\/gentedearte.org.ar\/2020\/declaracion-hcd-avellaneda-gda\/"},"wordCount":51,"publisher":{"@id":"http:\/\/gentedearte.org.ar\/2020\/#organization"},"image":{"@id":"http:\/\/gentedearte.org.ar\/2020\/declaracion-hcd-avellaneda-gda\/#primaryimage"},"thumbnailUrl":"http:\/\/gentedearte.org.ar\/2020\/wp-content\/uploads\/concejo-deliberante.avellaneda.png","keywords":["Prensa"],"articleSection":["Prensa"],"inLanguage":"es"},{"@type":"WebPage","@id":"http:\/\/gentedearte.org.ar\/2020\/declaracion-hcd-avellaneda-gda\/","url":"http:\/\/gentedearte.org.ar\/2020\/declaracion-hcd-avellaneda-gda\/","name":"Declaraci\u00f3n del Concejo Deliberante de Avellaneda a Gente de Arte - Gente de Arte","isPartOf":{"@id":"http:\/\/gentedearte.org.ar\/2020\/#website"},"primaryImageOfPage":{"@id":"http:\/\/gentedearte.org.ar\/2020\/declaracion-hcd-avellaneda-gda\/#primaryimage"},"image":{"@id":"http:\/\/gentedearte.org.ar\/2020\/declaracion-hcd-avellaneda-gda\/#primaryimage"},"thumbnailUrl":"http:\/\/gentedearte.org.ar\/2020\/wp-content\/uploads\/concejo-deliberante.avellaneda.png","datePublished":"2017-06-16T19:04:00+00:00","dateModified":"2021-03-21T12:32:40+00:00","breadcrumb":{"@id":"http:\/\/gentedearte.org.ar\/2020\/declaracion-hcd-avellaneda-gda\/#breadcrumb"},"inLanguage":"es","potentialAction":[{"@type":"ReadAction","target":["http:\/\/gentedearte.org.ar\/2020\/declaracion-hcd-avellaneda-gda\/"]}]},{"@type":"ImageObject","inLanguage":"es","@id":"http:\/\/gentedearte.org.ar\/2020\/declaracion-hcd-avellaneda-gda\/#primaryimage","url":"http:\/\/gentedearte.org.ar\/2020\/wp-content\/uploads\/concejo-deliberante.avellaneda.png","contentUrl":"http:\/\/gentedearte.org.ar\/2020\/wp-content\/uploads\/concejo-deliberante.avellaneda.png","width":450,"height":155,"caption":"Concejo Deliberante de Avellaneda"},{"@type":"BreadcrumbList","@id":"http:\/\/gentedearte.org.ar\/2020\/declaracion-hcd-avellaneda-gda\/#breadcrumb","itemListElement":[{"@type":"ListItem","position":1,"name":"Portada","item":"http:\/\/gentedearte.org.ar\/2020\/"},{"@type":"ListItem","position":2,"name":"Declaraci\u00f3n del Concejo Deliberante de Avellaneda a Gente de Arte"}]},{"@type":"WebSite","@id":"http:\/\/gentedearte.org.ar\/2020\/#website","url":"http:\/\/gentedearte.org.ar\/2020\/","name":"Gente de Arte","description":"Asociaci\u00f3n","publisher":{"@id":"http:\/\/gentedearte.org.ar\/2020\/#organization"},"potentialAction":[{"@type":"SearchAction","target":{"@type":"EntryPoint","urlTemplate":"http:\/\/gentedearte.org.ar\/2020\/?s={search_term_string}"},"query-input":{"@type":"PropertyValueSpecification","valueRequired":true,"valueName":"search_term_string"}}],"inLanguage":"es"},{"@type":"Organization","@id":"http:\/\/gentedearte.org.ar\/2020\/#organization","name":"Gente de Arte","url":"http:\/\/gentedearte.org.ar\/2020\/","logo":{"@type":"ImageObject","inLanguage":"es","@id":"http:\/\/gentedearte.org.ar\/2020\/#\/schema\/logo\/image\/","url":"http:\/\/gentedearte.org.ar\/2020\/wp-content\/uploads\/2020\/03\/gentearte-logo-modificado-tamao-153x159-1.jpg","contentUrl":"http:\/\/gentedearte.org.ar\/2020\/wp-content\/uploads\/2020\/03\/gentearte-logo-modificado-tamao-153x159-1.jpg","width":153,"height":159,"caption":"Gente de Arte"},"image":{"@id":"http:\/\/gentedearte.org.ar\/2020\/#\/schema\/logo\/image\/"},"sameAs":["https:\/\/www.facebook.com\/gentedearte","https:\/\/www.instagram.com\/gente.de.arte"]},{"@type":"Person","@id":"http:\/\/gentedearte.org.ar\/2020\/#\/schema\/person\/ba4aaf1ffa280be1e9c7352fb2cdfe20","name":"Diego G\u00f3mez","url":"http:\/\/gentedearte.org.ar\/2020\/author\/diegog\/"}]}},"jetpack_featured_media_url":"http:\/\/gentedearte.org.ar\/2020\/wp-content\/uploads\/concejo-deliberante.avellaneda.png","uagb_featured_image_src":{"full":["http:\/\/gentedearte.org.ar\/2020\/wp-content\/uploads\/concejo-deliberante.avellaneda.png",450,155,false],"thumbnail":["http:\/\/gentedearte.org.ar\/2020\/wp-content\/uploads\/concejo-deliberante.avellaneda-150x150.png",150,150,true],"medium":["http:\/\/gentedearte.org.ar\/2020\/wp-content\/uploads\/concejo-deliberante.avellaneda-300x103.png",300,103,true],"medium_large":["http:\/\/gentedearte.org.ar\/2020\/wp-content\/uploads\/concejo-deliberante.avellaneda.png",450,155,false],"large":["http:\/\/gentedearte.org.ar\/2020\/wp-content\/uploads\/concejo-deliberante.avellaneda.png",450,155,false],"1536x1536":["http:\/\/gentedearte.org.ar\/2020\/wp-content\/uploads\/concejo-deliberante.avellaneda.png",450,155,false],"2048x2048":["http:\/\/gentedearte.org.ar\/2020\/wp-content\/uploads\/concejo-deliberante.avellaneda.png",450,155,false],"woocommerce_thumbnail":["http:\/\/gentedearte.org.ar\/2020\/wp-content\/uploads\/concejo-deliberante.avellaneda-300x155.png",300,155,true],"woocommerce_single":["http:\/\/gentedearte.org.ar\/2020\/wp-content\/uploads\/concejo-deliberante.avellaneda.png",450,155,false],"woocommerce_gallery_thumbnail":["http:\/\/gentedearte.org.ar\/2020\/wp-content\/uploads\/concejo-deliberante.avellaneda-100x100.png",100,100,true]},"uagb_author_info":{"display_name":"Diego G\u00f3mez","author_link":"http:\/\/gentedearte.org.ar\/2020\/author\/diegog\/"},"uagb_comment_info":0,"uagb_excerpt":"En el a\u00f1o 2017 el Honorable Concejo Deliberante de Avellaneda nombr\u00f3 a la Asociaci\u00f3n \u00abInstituci\u00f3n Ejemplar de la Ciudad de Avellaneda\u00bb seg\u00fan ordenanza 22208 art. 5\u00ba Inc.A. Decreto 3223. Para m\u00e1s informaci\u00f3n http:\/\/www.hcdavellaneda.gob.ar\/","_links":{"self":[{"href":"http:\/\/gentedearte.org.ar\/2020\/wp-json\/wp\/v2\/posts\/2294","targetHints":{"allow":["GET"]}}],"collection":[{"href":"http:\/\/gentedearte.org.ar\/2020\/wp-json\/wp\/v2\/posts"}],"about":[{"href":"http:\/\/gentedearte.org.ar\/2020\/wp-json\/wp\/v2\/types\/post"}],"author":[{"embeddable":true,"href":"http:\/\/gentedearte.org.ar\/2020\/wp-json\/wp\/v2\/users\/3"}],"replies":[{"embeddable":true,"href":"http:\/\/gentedearte.org.ar\/2020\/wp-json\/wp\/v2\/comments?post=2294"}],"version-history":[{"count":1,"href":"http:\/\/gentedearte.org.ar\/2020\/wp-json\/wp\/v2\/posts\/2294\/revisions"}],"predecessor-version":[{"id":2295,"href":"http:\/\/gentedearte.org.ar\/2020\/wp-json\/wp\/v2\/posts\/2294\/revisions\/2295"}],"wp:featuredmedia":[{"embeddable":true,"href":"http:\/\/gentedearte.org.ar\/2020\/wp-json\/wp\/v2\/media\/2296"}],"wp:attachment":[{"href":"http:\/\/gentedearte.org.ar\/2020\/wp-json\/wp\/v2\/media?parent=2294"}],"wp:term":[{"taxonomy":"category","embeddable":true,"href":"http:\/\/gentedearte.org.ar\/2020\/wp-json\/wp\/v2\/categories?post=2294"},{"taxonomy":"post_tag","embeddable":true,"href":"http:\/\/gentedearte.org.ar\/2020\/wp-json\/wp\/v2\/tags?post=2294"}],"curies":[{"name":"wp","href":"https:\/\/api.w.org\/{rel}","templated":true}]}}