{"id":1806,"date":"2020-04-30T20:34:17","date_gmt":"2020-04-30T23:34:17","guid":{"rendered":"http:\/\/gentedearte.org.ar\/2020\/?p=1806"},"modified":"2021-03-21T09:32:35","modified_gmt":"2021-03-21T12:32:35","slug":"maria-belen-ybalo","status":"publish","type":"post","link":"http:\/\/gentedearte.org.ar\/2020\/maria-belen-ybalo\/","title":{"rendered":"Maria Bel\u00e9n Ybalo"},"content":{"rendered":"\n<p><strong>Estudios cursados:<\/strong><\/p>\n\n\n\n<ul class=\"wp-block-list\"><li>Polimodal. Orientaci\u00f3n: Comunicaci\u00f3n, Arte y Dise\u00f1o. EE. Media N2. \u201cFrancisco Ram\u00edrez\u201d. (2002- 2005)<\/li><li>Profesora de Artes Visuales con orientaci\u00f3n en pintura. Instituto Superior de Artes Pl\u00e1sticas de Avellaneda (2009- 2015)<\/li><li>Curso de fotografia (2019)<\/li><\/ul>\n\n\n\n<p><strong>Experiencia laboral:<\/strong><\/p>\n\n\n\n<ul class=\"wp-block-list\"><li>Colegio Aukan nivel primario.\u00a0 \u00a0 \u00a0 \u00a0 \u00a0 \u00a0 \u00a0 \u00a0 <\/li><li>La casita de Silvia. Nivel inicial.\u00a0 \u00a0 \u00a0 \u00a0 \u00a0 \u00a0 <strong>\u00a0<\/strong><\/li><li>Instituto Aukan nivel secundario b\u00e1sico <\/li><li>Talleres de arte: Instituto Aukan.\u00a0 \u00a0 \u00a0 \u00a0 \u00a0 \u00a0 <\/li><li>Talleres de arte particular \u00a0 \u00a0 \u00a0 \u00a0 \u00a0 \u00a0 \u00a0 \u00a0 \u00a0 \u00a0 \u00a0<\/li><li>Taller de arte azahar \u00a0 \u00a0 \u00a0 \u00a0 \u00a0 \u00a0 \u00a0 \u00a0 \u00a0 \u00a0 \u00a0 \u00a0 \u00a0 \u00a0 \u00a0 <\/li><li>Taller de arte y creatividad. Gente de arte. <\/li><li>Creaci\u00f3n y venta de artesan\u00edas en alambre. <\/li><\/ul>\n\n\n\n<p><strong>Objetivo:<\/strong><\/p>\n\n\n\n<p>Brindar conocimientos y estrategias de trabajo para desarrollar las capacidades creativas del ser humano. A trav\u00e9s del aprendizaje de t\u00e9cnicas y conceptos pl\u00e1sticos podemos transformar la realidad y abrir la mirada. Conectar con nuestras emociones y que estas sean plasmadas a trav\u00e9s del arte.<\/p>\n\n\n\n<p>Para mi, formar parte de este equipo es de gratitud.&nbsp; Es un espacio donde ofrece un clima de trabajo y compa\u00f1erismo muy agradable. Siendo las artes visuales, las experiencias y la libre expresi\u00f3n el eje principal de aprendizaje que nos responsabiliza<\/p>\n","protected":false},"excerpt":{"rendered":"<p>Estudios cursados: Polimodal. Orientaci\u00f3n: Comunicaci\u00f3n, Arte y Dise\u00f1o. EE. Media N2. \u201cFrancisco Ram\u00edrez\u201d. (2002- 2005) Profesora de Artes Visuales con orientaci\u00f3n en pintura. Instituto Superior de Artes Pl\u00e1sticas de Avellaneda (2009- 2015) Curso de fotografia (2019) Experiencia laboral: Colegio Aukan nivel primario.\u00a0 \u00a0 \u00a0 \u00a0 \u00a0 \u00a0 \u00a0 \u00a0 La casita de Silvia. Nivel inicial.\u00a0 [&hellip;]<\/p>\n","protected":false},"author":5,"featured_media":0,"comment_status":"closed","ping_status":"open","sticky":false,"template":"","format":"standard","meta":{"_uag_custom_page_level_css":"","site-sidebar-layout":"default","site-content-layout":"default","ast-site-content-layout":"","site-content-style":"default","site-sidebar-style":"default","ast-global-header-display":"","ast-banner-title-visibility":"","ast-main-header-display":"","ast-hfb-above-header-display":"","ast-hfb-below-header-display":"","ast-hfb-mobile-header-display":"","site-post-title":"","ast-breadcrumbs-content":"","ast-featured-img":"","footer-sml-layout":"","theme-transparent-header-meta":"default","adv-header-id-meta":"","stick-header-meta":"","header-above-stick-meta":"","header-main-stick-meta":"","header-below-stick-meta":"","astra-migrate-meta-layouts":"default","ast-page-background-enabled":"default","ast-page-background-meta":{"desktop":{"background-color":"var(--ast-global-color-4)","background-image":"","background-repeat":"repeat","background-position":"center center","background-size":"auto","background-attachment":"scroll","background-type":"","background-media":"","overlay-type":"","overlay-color":"","overlay-opacity":"","overlay-gradient":""},"tablet":{"background-color":"","background-image":"","background-repeat":"repeat","background-position":"center center","background-size":"auto","background-attachment":"scroll","background-type":"","background-media":"","overlay-type":"","overlay-color":"","overlay-opacity":"","overlay-gradient":""},"mobile":{"background-color":"","background-image":"","background-repeat":"repeat","background-position":"center center","background-size":"auto","background-attachment":"scroll","background-type":"","background-media":"","overlay-type":"","overlay-color":"","overlay-opacity":"","overlay-gradient":""}},"ast-content-background-meta":{"desktop":{"background-color":"var(--ast-global-color-5)","background-image":"","background-repeat":"repeat","background-position":"center center","background-size":"auto","background-attachment":"scroll","background-type":"","background-media":"","overlay-type":"","overlay-color":"","overlay-opacity":"","overlay-gradient":""},"tablet":{"background-color":"var(--ast-global-color-5)","background-image":"","background-repeat":"repeat","background-position":"center center","background-size":"auto","background-attachment":"scroll","background-type":"","background-media":"","overlay-type":"","overlay-color":"","overlay-opacity":"","overlay-gradient":""},"mobile":{"background-color":"var(--ast-global-color-5)","background-image":"","background-repeat":"repeat","background-position":"center center","background-size":"auto","background-attachment":"scroll","background-type":"","background-media":"","overlay-type":"","overlay-color":"","overlay-opacity":"","overlay-gradient":""}},"footnotes":""},"categories":[11],"tags":[],"class_list":["post-1806","post","type-post","status-publish","format-standard","hentry","category-profesor"],"yoast_head":"<!-- This site is optimized with the Yoast SEO plugin v27.4 - https:\/\/yoast.com\/product\/yoast-seo-wordpress\/ -->\n<title>Maria Bel\u00e9n Ybalo - Gente de Arte<\/title>\n<meta name=\"robots\" content=\"index, follow, max-snippet:-1, max-image-preview:large, max-video-preview:-1\" \/>\n<link rel=\"canonical\" href=\"http:\/\/gentedearte.org.ar\/2020\/maria-belen-ybalo\/\" \/>\n<meta property=\"og:locale\" content=\"es_ES\" \/>\n<meta property=\"og:type\" content=\"article\" \/>\n<meta property=\"og:title\" content=\"Maria Bel\u00e9n Ybalo - Gente de Arte\" \/>\n<meta property=\"og:description\" content=\"Estudios cursados: Polimodal. Orientaci\u00f3n: Comunicaci\u00f3n, Arte y Dise\u00f1o. EE. Media N2. \u201cFrancisco Ram\u00edrez\u201d. (2002- 2005) Profesora de Artes Visuales con orientaci\u00f3n en pintura. Instituto Superior de Artes Pl\u00e1sticas de Avellaneda (2009- 2015) Curso de fotografia (2019) Experiencia laboral: Colegio Aukan nivel primario.\u00a0 \u00a0 \u00a0 \u00a0 \u00a0 \u00a0 \u00a0 \u00a0 La casita de Silvia. Nivel inicial.\u00a0 [&hellip;]\" \/>\n<meta property=\"og:url\" content=\"http:\/\/gentedearte.org.ar\/2020\/maria-belen-ybalo\/\" \/>\n<meta property=\"og:site_name\" content=\"Gente de Arte\" \/>\n<meta property=\"article:publisher\" content=\"https:\/\/www.facebook.com\/gentedearte\" \/>\n<meta property=\"article:published_time\" content=\"2020-04-30T23:34:17+00:00\" \/>\n<meta property=\"article:modified_time\" content=\"2021-03-21T12:32:35+00:00\" \/>\n<meta name=\"author\" content=\"Gestor de contenidos contenidos\" \/>\n<meta name=\"twitter:card\" content=\"summary_large_image\" \/>\n<script type=\"application\/ld+json\" class=\"yoast-schema-graph\">{\"@context\":\"https:\\\/\\\/schema.org\",\"@graph\":[{\"@type\":\"Article\",\"@id\":\"http:\\\/\\\/gentedearte.org.ar\\\/2020\\\/maria-belen-ybalo\\\/#article\",\"isPartOf\":{\"@id\":\"http:\\\/\\\/gentedearte.org.ar\\\/2020\\\/maria-belen-ybalo\\\/\"},\"author\":{\"name\":\"Gestor de contenidos contenidos\",\"@id\":\"http:\\\/\\\/gentedearte.org.ar\\\/2020\\\/#\\\/schema\\\/person\\\/80c8a386d27621fa0a75f5b719ed1fb0\"},\"headline\":\"Maria Bel\u00e9n Ybalo\",\"datePublished\":\"2020-04-30T23:34:17+00:00\",\"dateModified\":\"2021-03-21T12:32:35+00:00\",\"mainEntityOfPage\":{\"@id\":\"http:\\\/\\\/gentedearte.org.ar\\\/2020\\\/maria-belen-ybalo\\\/\"},\"wordCount\":184,\"publisher\":{\"@id\":\"http:\\\/\\\/gentedearte.org.ar\\\/2020\\\/#organization\"},\"articleSection\":[\"Profesores\"],\"inLanguage\":\"es\"},{\"@type\":\"WebPage\",\"@id\":\"http:\\\/\\\/gentedearte.org.ar\\\/2020\\\/maria-belen-ybalo\\\/\",\"url\":\"http:\\\/\\\/gentedearte.org.ar\\\/2020\\\/maria-belen-ybalo\\\/\",\"name\":\"Maria Bel\u00e9n Ybalo - Gente de Arte\",\"isPartOf\":{\"@id\":\"http:\\\/\\\/gentedearte.org.ar\\\/2020\\\/#website\"},\"datePublished\":\"2020-04-30T23:34:17+00:00\",\"dateModified\":\"2021-03-21T12:32:35+00:00\",\"breadcrumb\":{\"@id\":\"http:\\\/\\\/gentedearte.org.ar\\\/2020\\\/maria-belen-ybalo\\\/#breadcrumb\"},\"inLanguage\":\"es\",\"potentialAction\":[{\"@type\":\"ReadAction\",\"target\":[\"http:\\\/\\\/gentedearte.org.ar\\\/2020\\\/maria-belen-ybalo\\\/\"]}]},{\"@type\":\"BreadcrumbList\",\"@id\":\"http:\\\/\\\/gentedearte.org.ar\\\/2020\\\/maria-belen-ybalo\\\/#breadcrumb\",\"itemListElement\":[{\"@type\":\"ListItem\",\"position\":1,\"name\":\"Portada\",\"item\":\"http:\\\/\\\/gentedearte.org.ar\\\/2020\\\/\"},{\"@type\":\"ListItem\",\"position\":2,\"name\":\"Maria Bel\u00e9n Ybalo\"}]},{\"@type\":\"WebSite\",\"@id\":\"http:\\\/\\\/gentedearte.org.ar\\\/2020\\\/#website\",\"url\":\"http:\\\/\\\/gentedearte.org.ar\\\/2020\\\/\",\"name\":\"Gente de Arte\",\"description\":\"Asociaci\u00f3n\",\"publisher\":{\"@id\":\"http:\\\/\\\/gentedearte.org.ar\\\/2020\\\/#organization\"},\"potentialAction\":[{\"@type\":\"SearchAction\",\"target\":{\"@type\":\"EntryPoint\",\"urlTemplate\":\"http:\\\/\\\/gentedearte.org.ar\\\/2020\\\/?s={search_term_string}\"},\"query-input\":{\"@type\":\"PropertyValueSpecification\",\"valueRequired\":true,\"valueName\":\"search_term_string\"}}],\"inLanguage\":\"es\"},{\"@type\":\"Organization\",\"@id\":\"http:\\\/\\\/gentedearte.org.ar\\\/2020\\\/#organization\",\"name\":\"Gente de Arte\",\"url\":\"http:\\\/\\\/gentedearte.org.ar\\\/2020\\\/\",\"logo\":{\"@type\":\"ImageObject\",\"inLanguage\":\"es\",\"@id\":\"http:\\\/\\\/gentedearte.org.ar\\\/2020\\\/#\\\/schema\\\/logo\\\/image\\\/\",\"url\":\"http:\\\/\\\/gentedearte.org.ar\\\/2020\\\/wp-content\\\/uploads\\\/2020\\\/03\\\/gentearte-logo-modificado-tamao-153x159-1.jpg\",\"contentUrl\":\"http:\\\/\\\/gentedearte.org.ar\\\/2020\\\/wp-content\\\/uploads\\\/2020\\\/03\\\/gentearte-logo-modificado-tamao-153x159-1.jpg\",\"width\":153,\"height\":159,\"caption\":\"Gente de Arte\"},\"image\":{\"@id\":\"http:\\\/\\\/gentedearte.org.ar\\\/2020\\\/#\\\/schema\\\/logo\\\/image\\\/\"},\"sameAs\":[\"https:\\\/\\\/www.facebook.com\\\/gentedearte\",\"https:\\\/\\\/www.instagram.com\\\/gente.de.arte\"]},{\"@type\":\"Person\",\"@id\":\"http:\\\/\\\/gentedearte.org.ar\\\/2020\\\/#\\\/schema\\\/person\\\/80c8a386d27621fa0a75f5b719ed1fb0\",\"name\":\"Gestor de contenidos contenidos\",\"url\":\"http:\\\/\\\/gentedearte.org.ar\\\/2020\\\/author\\\/contenidos\\\/\"}]}<\/script>\n<!-- \/ Yoast SEO plugin. -->","yoast_head_json":{"title":"Maria Bel\u00e9n Ybalo - Gente de Arte","robots":{"index":"index","follow":"follow","max-snippet":"max-snippet:-1","max-image-preview":"max-image-preview:large","max-video-preview":"max-video-preview:-1"},"canonical":"http:\/\/gentedearte.org.ar\/2020\/maria-belen-ybalo\/","og_locale":"es_ES","og_type":"article","og_title":"Maria Bel\u00e9n Ybalo - Gente de Arte","og_description":"Estudios cursados: Polimodal. Orientaci\u00f3n: Comunicaci\u00f3n, Arte y Dise\u00f1o. EE. Media N2. \u201cFrancisco Ram\u00edrez\u201d. (2002- 2005) Profesora de Artes Visuales con orientaci\u00f3n en pintura. Instituto Superior de Artes Pl\u00e1sticas de Avellaneda (2009- 2015) Curso de fotografia (2019) Experiencia laboral: Colegio Aukan nivel primario.\u00a0 \u00a0 \u00a0 \u00a0 \u00a0 \u00a0 \u00a0 \u00a0 La casita de Silvia. Nivel inicial.\u00a0 [&hellip;]","og_url":"http:\/\/gentedearte.org.ar\/2020\/maria-belen-ybalo\/","og_site_name":"Gente de Arte","article_publisher":"https:\/\/www.facebook.com\/gentedearte","article_published_time":"2020-04-30T23:34:17+00:00","article_modified_time":"2021-03-21T12:32:35+00:00","author":"Gestor de contenidos contenidos","twitter_card":"summary_large_image","schema":{"@context":"https:\/\/schema.org","@graph":[{"@type":"Article","@id":"http:\/\/gentedearte.org.ar\/2020\/maria-belen-ybalo\/#article","isPartOf":{"@id":"http:\/\/gentedearte.org.ar\/2020\/maria-belen-ybalo\/"},"author":{"name":"Gestor de contenidos contenidos","@id":"http:\/\/gentedearte.org.ar\/2020\/#\/schema\/person\/80c8a386d27621fa0a75f5b719ed1fb0"},"headline":"Maria Bel\u00e9n Ybalo","datePublished":"2020-04-30T23:34:17+00:00","dateModified":"2021-03-21T12:32:35+00:00","mainEntityOfPage":{"@id":"http:\/\/gentedearte.org.ar\/2020\/maria-belen-ybalo\/"},"wordCount":184,"publisher":{"@id":"http:\/\/gentedearte.org.ar\/2020\/#organization"},"articleSection":["Profesores"],"inLanguage":"es"},{"@type":"WebPage","@id":"http:\/\/gentedearte.org.ar\/2020\/maria-belen-ybalo\/","url":"http:\/\/gentedearte.org.ar\/2020\/maria-belen-ybalo\/","name":"Maria Bel\u00e9n Ybalo - Gente de Arte","isPartOf":{"@id":"http:\/\/gentedearte.org.ar\/2020\/#website"},"datePublished":"2020-04-30T23:34:17+00:00","dateModified":"2021-03-21T12:32:35+00:00","breadcrumb":{"@id":"http:\/\/gentedearte.org.ar\/2020\/maria-belen-ybalo\/#breadcrumb"},"inLanguage":"es","potentialAction":[{"@type":"ReadAction","target":["http:\/\/gentedearte.org.ar\/2020\/maria-belen-ybalo\/"]}]},{"@type":"BreadcrumbList","@id":"http:\/\/gentedearte.org.ar\/2020\/maria-belen-ybalo\/#breadcrumb","itemListElement":[{"@type":"ListItem","position":1,"name":"Portada","item":"http:\/\/gentedearte.org.ar\/2020\/"},{"@type":"ListItem","position":2,"name":"Maria Bel\u00e9n Ybalo"}]},{"@type":"WebSite","@id":"http:\/\/gentedearte.org.ar\/2020\/#website","url":"http:\/\/gentedearte.org.ar\/2020\/","name":"Gente de Arte","description":"Asociaci\u00f3n","publisher":{"@id":"http:\/\/gentedearte.org.ar\/2020\/#organization"},"potentialAction":[{"@type":"SearchAction","target":{"@type":"EntryPoint","urlTemplate":"http:\/\/gentedearte.org.ar\/2020\/?s={search_term_string}"},"query-input":{"@type":"PropertyValueSpecification","valueRequired":true,"valueName":"search_term_string"}}],"inLanguage":"es"},{"@type":"Organization","@id":"http:\/\/gentedearte.org.ar\/2020\/#organization","name":"Gente de Arte","url":"http:\/\/gentedearte.org.ar\/2020\/","logo":{"@type":"ImageObject","inLanguage":"es","@id":"http:\/\/gentedearte.org.ar\/2020\/#\/schema\/logo\/image\/","url":"http:\/\/gentedearte.org.ar\/2020\/wp-content\/uploads\/2020\/03\/gentearte-logo-modificado-tamao-153x159-1.jpg","contentUrl":"http:\/\/gentedearte.org.ar\/2020\/wp-content\/uploads\/2020\/03\/gentearte-logo-modificado-tamao-153x159-1.jpg","width":153,"height":159,"caption":"Gente de Arte"},"image":{"@id":"http:\/\/gentedearte.org.ar\/2020\/#\/schema\/logo\/image\/"},"sameAs":["https:\/\/www.facebook.com\/gentedearte","https:\/\/www.instagram.com\/gente.de.arte"]},{"@type":"Person","@id":"http:\/\/gentedearte.org.ar\/2020\/#\/schema\/person\/80c8a386d27621fa0a75f5b719ed1fb0","name":"Gestor de contenidos contenidos","url":"http:\/\/gentedearte.org.ar\/2020\/author\/contenidos\/"}]}},"jetpack_featured_media_url":"","uagb_featured_image_src":{"full":false,"thumbnail":false,"medium":false,"medium_large":false,"large":false,"1536x1536":false,"2048x2048":false,"woocommerce_thumbnail":false,"woocommerce_single":false,"woocommerce_gallery_thumbnail":false},"uagb_author_info":{"display_name":"Gestor de contenidos contenidos","author_link":"http:\/\/gentedearte.org.ar\/2020\/author\/contenidos\/"},"uagb_comment_info":0,"uagb_excerpt":"Estudios cursados: Polimodal. Orientaci\u00f3n: Comunicaci\u00f3n, Arte y Dise\u00f1o. EE. Media N2. \u201cFrancisco Ram\u00edrez\u201d. (2002- 2005) Profesora de Artes Visuales con orientaci\u00f3n en pintura. Instituto Superior de Artes Pl\u00e1sticas de Avellaneda (2009- 2015) Curso de fotografia (2019) Experiencia laboral: Colegio Aukan nivel primario.\u00a0 \u00a0 \u00a0 \u00a0 \u00a0 \u00a0 \u00a0 \u00a0 La casita de Silvia. Nivel inicial.\u00a0&hellip;","_links":{"self":[{"href":"http:\/\/gentedearte.org.ar\/2020\/wp-json\/wp\/v2\/posts\/1806","targetHints":{"allow":["GET"]}}],"collection":[{"href":"http:\/\/gentedearte.org.ar\/2020\/wp-json\/wp\/v2\/posts"}],"about":[{"href":"http:\/\/gentedearte.org.ar\/2020\/wp-json\/wp\/v2\/types\/post"}],"author":[{"embeddable":true,"href":"http:\/\/gentedearte.org.ar\/2020\/wp-json\/wp\/v2\/users\/5"}],"replies":[{"embeddable":true,"href":"http:\/\/gentedearte.org.ar\/2020\/wp-json\/wp\/v2\/comments?post=1806"}],"version-history":[{"count":1,"href":"http:\/\/gentedearte.org.ar\/2020\/wp-json\/wp\/v2\/posts\/1806\/revisions"}],"predecessor-version":[{"id":1807,"href":"http:\/\/gentedearte.org.ar\/2020\/wp-json\/wp\/v2\/posts\/1806\/revisions\/1807"}],"wp:attachment":[{"href":"http:\/\/gentedearte.org.ar\/2020\/wp-json\/wp\/v2\/media?parent=1806"}],"wp:term":[{"taxonomy":"category","embeddable":true,"href":"http:\/\/gentedearte.org.ar\/2020\/wp-json\/wp\/v2\/categories?post=1806"},{"taxonomy":"post_tag","embeddable":true,"href":"http:\/\/gentedearte.org.ar\/2020\/wp-json\/wp\/v2\/tags?post=1806"}],"curies":[{"name":"wp","href":"https:\/\/api.w.org\/{rel}","templated":true}]}}